{"id":9995,"date":"2019-02-05T14:59:00","date_gmt":"2019-02-05T17:59:00","guid":{"rendered":"https:\/\/casadacritica.com.br\/site\/?p=9995"},"modified":"2020-03-18T15:10:24","modified_gmt":"2020-03-18T18:10:24","slug":"044-amor-perigo-de-traicao-e-confianca","status":"publish","type":"post","link":"https:\/\/casadacritica.com.br\/site\/044-amor-perigo-de-traicao-e-confianca\/","title":{"rendered":"044 &#8211; Amor, Perigo de Trai\u00e7\u00e3o e Confian\u00e7a"},"content":{"rendered":"\t\t<div data-elementor-type=\"wp-post\" data-elementor-id=\"9995\" class=\"elementor elementor-9995\" data-elementor-post-type=\"post\">\n\t\t\t\t\t\t<section class=\"elementor-section elementor-top-section elementor-element elementor-element-41b176b elementor-section-boxed elementor-section-height-default elementor-section-height-default\" data-id=\"41b176b\" data-element_type=\"section\">\n\t\t\t\t\t\t<div class=\"elementor-container elementor-column-gap-default\">\n\t\t\t\t\t<div class=\"elementor-column elementor-col-100 elementor-top-column elementor-element elementor-element-1315b4b\" data-id=\"1315b4b\" data-element_type=\"column\">\n\t\t\t<div class=\"elementor-widget-wrap elementor-element-populated\">\n\t\t\t\t\t\t<div class=\"elementor-element elementor-element-7136ec6 elementor-widget elementor-widget-text-editor\" data-id=\"7136ec6\" data-element_type=\"widget\" data-widget_type=\"text-editor.default\">\n\t\t\t\t<div class=\"elementor-widget-container\">\n\t\t\t\t\t\t\t\t\t<h3 style=\"text-align: center;\"><strong><span style=\"color: #ff0000;\">044 \u2013 Amor, Perigo de Trai\u00e7\u00e3o e Confian\u00e7a<\/span><\/strong><\/h3>\t\t\t\t\t\t\t\t<\/div>\n\t\t\t\t<\/div>\n\t\t\t\t\t<\/div>\n\t\t<\/div>\n\t\t\t\t\t<\/div>\n\t\t<\/section>\n\t\t\t\t<section class=\"elementor-section elementor-top-section elementor-element elementor-element-ed8d5b7 elementor-section-boxed elementor-section-height-default elementor-section-height-default\" data-id=\"ed8d5b7\" data-element_type=\"section\">\n\t\t\t\t\t\t<div class=\"elementor-container elementor-column-gap-default\">\n\t\t\t\t\t<div class=\"elementor-column elementor-col-100 elementor-top-column elementor-element elementor-element-3bca0f8\" data-id=\"3bca0f8\" data-element_type=\"column\">\n\t\t\t<div class=\"elementor-widget-wrap elementor-element-populated\">\n\t\t\t\t\t\t<div class=\"elementor-element elementor-element-7d28675 elementor-widget elementor-widget-text-editor\" data-id=\"7d28675\" data-element_type=\"widget\" data-widget_type=\"text-editor.default\">\n\t\t\t\t<div class=\"elementor-widget-container\">\n\t\t\t\t\t\t\t\t\t<h4>Autor: Vicente do Prado Tolezano 05\/02\/2019<\/h4><h4>As pessoas que confiam muito nas outras e controlam-nas pouco ser\u00e3o seguramente muitas vezes tra\u00eddas. As pessoas que, por sua vez, confiam pouco nas outras e controlam-nas muito, igualmente, ser\u00e3o muitas vezes tra\u00eddas!<\/h4><h4>Queremos, pois, afirmar expressamente com os assertos acima que o encontro maldito com a trai\u00e7\u00e3o \u00e9 inexor\u00e1vel a todos.<\/h4><h4>Um dos maiores \u00edcones de extremo poder humano-mundano, J\u00falio Cesar, foi o pai adotivo de Brutus! Mesmo o Deus encarnado, onisciente e paradigma da vida maximamente virtuosa, foi tamb\u00e9m tra\u00eddo.<\/h4><h4>Obviamente, a inexorabilidade da trai\u00e7\u00e3o n\u00e3o serve para validar os incautos\/temer\u00e1rios nem os controlistas\/covardes, pois, a rigor, extremos opostos entre si s\u00e3o ambos v\u00edcios. O ad\u00e1gio virtuoso \u00e9 orar \u201cE\u201d vigiar e n\u00e3o \u00e9 \u201cou\u201d uma a\u00e7\u00e3o ou outra.<\/h4><h4>Urge, pois, CONFIAR e, por \u00f3bvio, suportar as TRAI\u00c7\u00d5ES que certamente atravessar\u00e3o as peneiras das cautelas razo\u00e1veis.<\/h4><h4>Ainda que a dor da trai\u00e7\u00e3o seja imensa, normalmente uma mescla de dano financeiro, perda de oportunidades e, sen\u00e3o mesmo, perda da dignidade pr\u00f3pria, ela \u00e9 condi\u00e7\u00e3o ontol\u00f3gica humana.<\/h4><h4>Em acurado rigor, toda trai\u00e7\u00e3o \u00e9 apenas uma esp\u00e9cie refinada do g\u00eanero mentira e a mentira \u00e9 o car\u00e1ter geral do mundo.<\/h4><h4>N\u00e3o \u00e9 digno de esc\u00e2ndalo exagerado a frequ\u00eancia de trai\u00e7\u00f5es; \u00e9 digno, isso sim, de maravilhamento a escassez delas \u2013 coisa rara. Utopias de mundo perfeito s\u00e3o s\u00f3 utopias mesmo. O\u00e1sis de nobreza existem, mas seguem o\u00e1sis.<\/h4><h4>Quem n\u00e3o conhece caravanas longu\u00edssimas de gente que diz que queria demasiadamente casar, mas n\u00e3o vai casar porque tem medo de que o c\u00f4njuge v\u00e1 trair-lhe.\u00a0Mutatis mutandis, isso se passa com filhos, com neg\u00f3cios, amizades, voca\u00e7\u00f5es e com todas as hip\u00f3teses empreendedoras ou amorosas da vida (amar e empreender s\u00e3o sin\u00f4nimos).<\/h4><h4>O esquema das caravanas \u00e9 exatamente assim: prefiro me trair pela castra\u00e7\u00e3o de meus potenciais (auto sabotagem) para que outros n\u00e3o me traiam!<\/h4><h4>Isso \u00e9 puro ego defensivo e h\u00e1 at\u00e9 quem se babe de orgulho disso. Ali\u00e1s, orgulho e ego s\u00e3o mesmo indissoci\u00e1veis entre si.<\/h4><h4>Contudo, n\u00e3o tenha nenhuma d\u00favida de que a conta do ego\u00edsta defensivo \u00e9 mais nefasta que a do tra\u00eddo.<\/h4><h4>No primeiro caso, h\u00e1 pouca \u201cdor em sentido pr\u00f3prio\u201d (pois \u00e9 exatamente dela que o ego\u00edsta foge) e h\u00e1, em termos precisos e em contrapartida, \u201csofrimento\u201d cr\u00f4nico dilu\u00eddo numa vida de dessensibiliza\u00e7\u00e3o lenitiva. O tra\u00eddo por outrem, por sua vez, pode padecer de dor aguda e pujante at\u00e9 nas entranhas, mas tende a ser dor apenas cr\u00edtica e sem um car\u00e1ter de impregna\u00e7\u00e3o (sofrimento dilu\u00eddo no tempo), tanto quanto tenha um car\u00e1ter forte.<\/h4><h4>Goze de certeza que auto trai\u00e7\u00e3o por incapacidade de confiar \u00e9 \u201cescolha porca\u201d, impeditiva de voos altos, que jamais s\u00e3o solit\u00e1rios. Apesar da maioria humana n\u00e3o ser confi\u00e1vel, a vida segue sendo greg\u00e1ria. O ego\u00edsta desconfiado\/controlista n\u00e3o se isola apenas dos outros homens, mas se isola dos potenciais do ser.<\/h4><h4>A \u00fanica coisa que mitiga a impregna\u00e7\u00e3o maldita das trai\u00e7\u00f5es \u00e9 a constitui\u00e7\u00e3o de um car\u00e1ter forte, de uma personalidade integrada afetiva-intelecto-espiritualmente.<\/h4><h4>N\u00e3o poderia ser diferente, pois s\u00e3o o esfor\u00e7o de car\u00e1ter constante e a personalidade integrada que que constituem a substancializa\u00e7\u00e3o humana, a nossa \u00fanica for\u00e7a, ali\u00e1s.<\/h4><h4>A trai\u00e7\u00e3o, como esp\u00e9cie da mentira ou do n\u00e3o-ser, tende \u00e0 in\u00e9pcia s\u00f3 e s\u00f3 se confrontadas diante do ser substancializado ou voluntarioso.<\/h4><h4>Ou seja, n\u00e3o se combatem ataques mundanos meramente com respostas mundanas, mas com cultivo do esp\u00edrito.<\/h4><h4>Os espirituosos aprendem, ao longo de sua constitui\u00e7\u00e3o, em quem e sob que circunst\u00e2ncias razoavelmente se deve confiar e n\u00e3o v\u00e3o se desintegrar pelas trai\u00e7\u00f5es que seguramente experimentar\u00e3o. Sacudir\u00e3o o p\u00f3 das suas sand\u00e1lias.<\/h4><h4>Uma pessoa ego\u00edsta, por sua vez, entra em parafuso quando tra\u00edda. Como sua l\u00f3gica \u00e9 do apego, pode at\u00e9 se apegar \u00e0\u00a0maldade sofrida e mesmo a amplificar para justificar as desist\u00eancias do EU, sejam elas associadas ou n\u00e3o ao pr\u00f3prio mal alegado. O nome dessa atitude \u00e9 complac\u00eancia.<\/h4><h4>Acima de tudo, os espirituosos \u2013 e s\u00f3 eles \u2013 confiam em terceiros, pois n\u00e3o aceitam trair a si pela castra\u00e7\u00e3o de seus potenciais produtivos ou amorosos. Seria como insubstancializar o ser e o que \u00e9 pr\u00f3prio ao espirituoso \u00e9 exatamente o oposto, a difus\u00e3o do ser.<\/h4><h4>Aqueles que j\u00e1 n\u00e3o buscam por si mesmos a substancializa\u00e7\u00e3o pr\u00f3pria, mas s\u00f3 a defesa, a reten\u00e7\u00e3o imediata de posi\u00e7\u00e3o (e nem sequer de interesse) \u00a0\u2013 os ego\u00edstas \u2013 t\u00eam no seu repert\u00f3rio de subterf\u00fagios a escusa que \u201cclaro que queriam expandir, mas teriam que confiar, o que n\u00e3o podem fazer porque os traidores s\u00e3o muitos\u201d. Ali\u00e1s, eles tamb\u00e9m o s\u00e3o.<\/h4><h4>O princ\u00edpio fino envolvido \u00e9 que quem n\u00e3o trai, mesmo sendo tra\u00eddo, cresce. O oposto \u00e9 falso.<\/h4>\t\t\t\t\t\t\t\t<\/div>\n\t\t\t\t<\/div>\n\t\t\t\t\t<\/div>\n\t\t<\/div>\n\t\t\t\t\t<\/div>\n\t\t<\/section>\n\t\t\t\t<section class=\"elementor-section elementor-top-section elementor-element elementor-element-0fe62d9 elementor-section-boxed elementor-section-height-default elementor-section-height-default\" data-id=\"0fe62d9\" data-element_type=\"section\">\n\t\t\t\t\t\t<div class=\"elementor-container elementor-column-gap-default\">\n\t\t\t\t\t<div class=\"elementor-column elementor-col-100 elementor-top-column elementor-element elementor-element-09ead34\" data-id=\"09ead34\" data-element_type=\"column\">\n\t\t\t<div class=\"elementor-widget-wrap elementor-element-populated\">\n\t\t\t\t\t\t<div class=\"elementor-element elementor-element-1d965a3 elementor-widget elementor-widget-text-editor\" data-id=\"1d965a3\" data-element_type=\"widget\" data-widget_type=\"text-editor.default\">\n\t\t\t\t<div class=\"elementor-widget-container\">\n\t\t\t\t\t\t\t\t\t<p style=\"text-align: center;\"><strong><span style=\"color: #000000;\">A reprodu\u00e7\u00e3o do texto \u00e9 livre, devendo ser citada a fonte e preservada a unidade do pensamento.<\/span><\/strong><\/p>\t\t\t\t\t\t\t\t<\/div>\n\t\t\t\t<\/div>\n\t\t\t\t\t<\/div>\n\t\t<\/div>\n\t\t\t\t\t<\/div>\n\t\t<\/section>\n\t\t\t\t<section class=\"elementor-section elementor-top-section elementor-element elementor-element-2a24acf elementor-section-boxed elementor-section-height-default elementor-section-height-default\" data-id=\"2a24acf\" data-element_type=\"section\">\n\t\t\t\t\t\t<div class=\"elementor-container elementor-column-gap-default\">\n\t\t\t\t\t<div class=\"elementor-column elementor-col-50 elementor-top-column elementor-element elementor-element-cd5d84e\" data-id=\"cd5d84e\" data-element_type=\"column\">\n\t\t\t<div class=\"elementor-widget-wrap elementor-element-populated\">\n\t\t\t\t\t\t<div class=\"elementor-element elementor-element-9ba4128 elementor-widget elementor-widget-text-editor\" data-id=\"9ba4128\" data-element_type=\"widget\" data-widget_type=\"text-editor.default\">\n\t\t\t\t<div class=\"elementor-widget-container\">\n\t\t\t\t\t\t\t\t\t<p><img fetchpriority=\"high\" decoding=\"async\" class=\"alignnone wp-image-8934 size-medium\" src=\"https:\/\/casadacritica.com.br\/site\/wp-content\/uploads\/2020\/02\/Design-sem-nome-3-300x300.png\" alt=\"\" width=\"300\" height=\"300\" srcset=\"https:\/\/casadacritica.com.br\/site\/wp-content\/uploads\/2020\/02\/Design-sem-nome-3-300x300.png 300w, https:\/\/casadacritica.com.br\/site\/wp-content\/uploads\/2020\/02\/Design-sem-nome-3-1024x1024.png 1024w, https:\/\/casadacritica.com.br\/site\/wp-content\/uploads\/2020\/02\/Design-sem-nome-3-150x150.png 150w, https:\/\/casadacritica.com.br\/site\/wp-content\/uploads\/2020\/02\/Design-sem-nome-3-768x768.png 768w, https:\/\/casadacritica.com.br\/site\/wp-content\/uploads\/2020\/02\/Design-sem-nome-3.png 1080w\" sizes=\"(max-width: 300px) 100vw, 300px\" \/><\/p>\t\t\t\t\t\t\t\t<\/div>\n\t\t\t\t<\/div>\n\t\t\t\t\t<\/div>\n\t\t<\/div>\n\t\t\t\t<div class=\"elementor-column elementor-col-50 elementor-top-column elementor-element elementor-element-162d43e\" data-id=\"162d43e\" data-element_type=\"column\">\n\t\t\t<div class=\"elementor-widget-wrap elementor-element-populated\">\n\t\t\t\t\t\t<div class=\"elementor-element elementor-element-ef0d6db elementor-widget elementor-widget-text-editor\" data-id=\"ef0d6db\" data-element_type=\"widget\" data-widget_type=\"text-editor.default\">\n\t\t\t\t<div class=\"elementor-widget-container\">\n\t\t\t\t\t\t\t\t\t<p><span style=\"color: rgb(0, 0, 0);\">Vicente do Prado Tolezano \u00e9 graduado em direito pe\u00e7a PUC\/SP e Mestre em Filosofia pela Faculdade do Mosteiro de S\u00e3o Bento de S\u00e3o Paulo, com investiga\u00e7\u00e3o sobre a Metaf\u00edsica de Arist\u00f3teles. \u00c9 diretor da Casa da Cr\u00edtica e da Tolezano Advogados.<\/span><br><\/p>\n<p><span style=\"color: #000000;\">Tem forma\u00e7\u00f5es complementares diversas na \u00e1rea da Gest\u00e3o, Psican\u00e1lise, Media\u00e7\u00e3o, Filosofia Clinica, L\u00f3gica e Argumenta\u00e7\u00e3o e outras sobre a Alma Humana.<\/span><\/p>\t\t\t\t\t\t\t\t<\/div>\n\t\t\t\t<\/div>\n\t\t\t\t\t<\/div>\n\t\t<\/div>\n\t\t\t\t\t<\/div>\n\t\t<\/section>\n\t\t\t\t<section class=\"elementor-section elementor-top-section elementor-element elementor-element-6f47b3e elementor-section-boxed elementor-section-height-default elementor-section-height-default\" data-id=\"6f47b3e\" data-element_type=\"section\">\n\t\t\t\t\t\t<div class=\"elementor-container elementor-column-gap-default\">\n\t\t\t\t\t<div class=\"elementor-column elementor-col-33 elementor-top-column elementor-element elementor-element-4f8963a\" data-id=\"4f8963a\" data-element_type=\"column\">\n\t\t\t<div class=\"elementor-widget-wrap\">\n\t\t\t\t\t\t\t<\/div>\n\t\t<\/div>\n\t\t\t\t<div class=\"elementor-column elementor-col-33 elementor-top-column elementor-element elementor-element-6809389\" data-id=\"6809389\" data-element_type=\"column\">\n\t\t\t<div class=\"elementor-widget-wrap elementor-element-populated\">\n\t\t\t\t\t\t<div class=\"elementor-element elementor-element-d6f396e elementor-widget elementor-widget-text-editor\" data-id=\"d6f396e\" data-element_type=\"widget\" data-widget_type=\"text-editor.default\">\n\t\t\t\t<div class=\"elementor-widget-container\">\n\t\t\t\t\t\t\t\t\t<h4 style=\"text-align: center;\"><span style=\"color: #ffffff;\"><a style=\"color: #ffffff;\" href=\"http:\/\/casadacritica.com.br\/site\/cadastre-se-para-receber-newsletter\/\" target=\"_blank\" rel=\"noopener\"><strong>CADASTRE-SE AQUI PARA RECEBER NOSSA NEWSLETTER<\/strong><\/a><\/span><\/h4>\t\t\t\t\t\t\t\t<\/div>\n\t\t\t\t<\/div>\n\t\t\t\t\t<\/div>\n\t\t<\/div>\n\t\t\t\t<div class=\"elementor-column elementor-col-33 elementor-top-column elementor-element elementor-element-cd8b09d\" data-id=\"cd8b09d\" data-element_type=\"column\">\n\t\t\t<div class=\"elementor-widget-wrap\">\n\t\t\t\t\t\t\t<\/div>\n\t\t<\/div>\n\t\t\t\t\t<\/div>\n\t\t<\/section>\n\t\t\t\t<\/div>\n\t\t","protected":false},"excerpt":{"rendered":"<p>044 \u2013 Amor, Perigo de Trai\u00e7\u00e3o e Confian\u00e7a Autor: Vicente do Prado Tolezano 05\/02\/2019 As pessoas que confiam muito nas outras e controlam-nas pouco ser\u00e3o seguramente muitas vezes tra\u00eddas. As pessoas que, por sua vez, confiam pouco nas outras e controlam-nas muito, igualmente, ser\u00e3o muitas vezes tra\u00eddas! Queremos, pois, afirmar expressamente com os assertos acima [&hellip;]<\/p>\n","protected":false},"author":4,"featured_media":2013,"comment_status":"open","ping_status":"open","sticky":false,"template":"","format":"standard","meta":{"footnotes":""},"categories":[85,50],"tags":[347,346,313,344,115,345],"class_list":["post-9995","post","type-post","status-publish","format-standard","has-post-thumbnail","hentry","category-artigos","category-artigos-amor-consciencia-e-liberdade","tag-auto-sabotagem","tag-brutus","tag-complacencia","tag-confianca","tag-egoismo","tag-julio-cesar"],"_links":{"self":[{"href":"https:\/\/casadacritica.com.br\/site\/wp-json\/wp\/v2\/posts\/9995","targetHints":{"allow":["GET"]}}],"collection":[{"href":"https:\/\/casadacritica.com.br\/site\/wp-json\/wp\/v2\/posts"}],"about":[{"href":"https:\/\/casadacritica.com.br\/site\/wp-json\/wp\/v2\/types\/post"}],"author":[{"embeddable":true,"href":"https:\/\/casadacritica.com.br\/site\/wp-json\/wp\/v2\/users\/4"}],"replies":[{"embeddable":true,"href":"https:\/\/casadacritica.com.br\/site\/wp-json\/wp\/v2\/comments?post=9995"}],"version-history":[{"count":4,"href":"https:\/\/casadacritica.com.br\/site\/wp-json\/wp\/v2\/posts\/9995\/revisions"}],"predecessor-version":[{"id":9999,"href":"https:\/\/casadacritica.com.br\/site\/wp-json\/wp\/v2\/posts\/9995\/revisions\/9999"}],"wp:featuredmedia":[{"embeddable":true,"href":"https:\/\/casadacritica.com.br\/site\/wp-json\/wp\/v2\/media\/2013"}],"wp:attachment":[{"href":"https:\/\/casadacritica.com.br\/site\/wp-json\/wp\/v2\/media?parent=9995"}],"wp:term":[{"taxonomy":"category","embeddable":true,"href":"https:\/\/casadacritica.com.br\/site\/wp-json\/wp\/v2\/categories?post=9995"},{"taxonomy":"post_tag","embeddable":true,"href":"https:\/\/casadacritica.com.br\/site\/wp-json\/wp\/v2\/tags?post=9995"}],"curies":[{"name":"wp","href":"https:\/\/api.w.org\/{rel}","templated":true}]}}