{"id":9736,"date":"2018-05-09T20:16:00","date_gmt":"2018-05-09T23:16:00","guid":{"rendered":"https:\/\/casadacritica.com.br\/site\/?p=9736"},"modified":"2020-03-12T21:54:00","modified_gmt":"2020-03-13T00:54:00","slug":"032-amor-e-vontade-e-pede-muita-preparacao","status":"publish","type":"post","link":"https:\/\/casadacritica.com.br\/site\/032-amor-e-vontade-e-pede-muita-preparacao\/","title":{"rendered":"032 &#8211; Amor \u00e9 vontade e pede (muita) prepara\u00e7\u00e3o"},"content":{"rendered":"\t\t<div data-elementor-type=\"wp-post\" data-elementor-id=\"9736\" class=\"elementor elementor-9736\" data-elementor-post-type=\"post\">\n\t\t\t\t\t\t<section class=\"elementor-section elementor-top-section elementor-element elementor-element-41b176b elementor-section-boxed elementor-section-height-default elementor-section-height-default\" data-id=\"41b176b\" data-element_type=\"section\">\n\t\t\t\t\t\t<div class=\"elementor-container elementor-column-gap-default\">\n\t\t\t\t\t<div class=\"elementor-column elementor-col-100 elementor-top-column elementor-element elementor-element-1315b4b\" data-id=\"1315b4b\" data-element_type=\"column\">\n\t\t\t<div class=\"elementor-widget-wrap elementor-element-populated\">\n\t\t\t\t\t\t<div class=\"elementor-element elementor-element-7136ec6 elementor-widget elementor-widget-text-editor\" data-id=\"7136ec6\" data-element_type=\"widget\" data-widget_type=\"text-editor.default\">\n\t\t\t\t<div class=\"elementor-widget-container\">\n\t\t\t\t\t\t\t\t\t<h3 style=\"text-align: center;\"><strong><span style=\"color: #ff0000;\">032 \u2013 Amor \u00e9 vontade e pede (muita) prepara\u00e7\u00e3o<\/span><\/strong><\/h3>\t\t\t\t\t\t\t\t<\/div>\n\t\t\t\t<\/div>\n\t\t\t\t\t<\/div>\n\t\t<\/div>\n\t\t\t\t\t<\/div>\n\t\t<\/section>\n\t\t\t\t<section class=\"elementor-section elementor-top-section elementor-element elementor-element-ed8d5b7 elementor-section-boxed elementor-section-height-default elementor-section-height-default\" data-id=\"ed8d5b7\" data-element_type=\"section\">\n\t\t\t\t\t\t<div class=\"elementor-container elementor-column-gap-default\">\n\t\t\t\t\t<div class=\"elementor-column elementor-col-100 elementor-top-column elementor-element elementor-element-3bca0f8\" data-id=\"3bca0f8\" data-element_type=\"column\">\n\t\t\t<div class=\"elementor-widget-wrap elementor-element-populated\">\n\t\t\t\t\t\t<div class=\"elementor-element elementor-element-7d28675 elementor-widget elementor-widget-text-editor\" data-id=\"7d28675\" data-element_type=\"widget\" data-widget_type=\"text-editor.default\">\n\t\t\t\t<div class=\"elementor-widget-container\">\n\t\t\t\t\t\t\t\t\t<h4>Autor:\u00a0Vicente do Prado Tolezano 09-05-2018<\/h4><h4>Um princ\u00edpio antigo e medieval indicava uma OBVIEDADE que, atualmente, por conta do imp\u00e9rio materialista, n\u00e3o se percebe: o princ\u00edpio de que \u201cO AGIR SEGUE O SER\u201d (\u201cagere sequitur esse\u201d).<\/h4><h4>O que o princ\u00edpio quer dizer \u00e9, parafraseando-o, que \u201cas nossas a\u00e7\u00f5es decorrem do nosso ser e n\u00e3o que o nosso ser seja um somat\u00f3rio ou produto de nossas a\u00e7\u00f5es\u201d, tal como muitas correntes psicol\u00f3gicas modernas pregam, sob bandeira chamada de behaviorismo.<\/h4><h4>A perspectiva behaviorista j\u00e1 \u00e9, em si, decorr\u00eancia materialista (e positivista), pois se limita \u00e0 observa\u00e7\u00e3o fenom\u00eanica das a\u00e7\u00f5es, logo dentro dos limites dos COMPORTAMENTOS, e n\u00e3o se vale de introspec\u00e7\u00e3o subjacente deles.<\/h4><h4>Ou seja, o behaviorismo n\u00e3o se rende \u00e0 no\u00e7\u00e3o de que, sob rigor, nosso ser \u00e9 nossa ALMA e, a fortiori, de que a co-constitui\u00e7\u00e3o, ali\u00e1s, dessa ALMA\/SER, se d\u00e1 pela dimens\u00e3o da VONTADE INDIVIDUAL (paralelo da ATITUDE), sendo que a essa co-constitui\u00e7\u00e3o volitiva, tomada na perspectiva temporal-sucessiva-progressiva, se d\u00e1 o nome de constitui\u00e7\u00e3o de CAR\u00c1TER.<\/h4><h4>At\u00e9 porque, o foco do behaviorismo \u00e9 fenom\u00eanico e com observa\u00e7\u00e3o de esquemas de est\u00edmulo e rea\u00e7\u00e3o do aqui-agora Tamb\u00e9m se d\u00e1, em conson\u00e2ncia com vi\u00e9s moderno em geral, SOBRE-ATEN\u00c7\u00c3O \u00e0 dimens\u00e3o do homem-como-filho-do-meio (perspectiva horizontal), em detrimento da concep\u00e7\u00e3o cl\u00e1ssica de que o ser do homem \u00e9 o \u201cser do homem APESAR do meio\u201d (perspectiva vertical).<\/h4><h4>Estamos a advogar, expressamente, que o repert\u00f3rio cl\u00e1ssico \u00e9, obviamente em termos bastantes gerais, mais robusto para apoiar a SANIDADE humana do que o repert\u00f3rio behaviorista.<\/h4><h4>Constatar comportamentos, e at\u00e9 mesmo os modular (ao que se d\u00e3o os nomes de NEGOCIA\u00c7\u00c3O e MEDIA\u00c7\u00c3O), \u00e9 t\u00e3o paliativo para a SANIDADE quanto o ato de enxugar barras de gelo. Ser S\u00c3O ou gozar da SANIDADE\/NORMALIDADE, definimos, \u00e9 TOMAR ATITUDE S\u00c3S, cuja campe\u00e3 entre ela \u00e9 a atitude de AMAR.<\/h4><h4>Afirmamos expressamente que o S\u00c3O\/NORMAL \u00e9 quem AMA, e t\u00e3o somente ele. Quem n\u00e3o AMA tem o nome, nos casos b\u00e1sicos, de EGO\u00cdSTA e n\u00e3o \u00e9 S\u00c3O\/NORMAL.<\/h4><h4>Voltando ao princ\u00edpio de que partimos e que defendemos \u2013 agere sequitur esse \u2013 n\u00e3o \u00e9 razo\u00e1vel esperar que algu\u00e9m, \u201cde repente\u201d, AME AQUI E AGORA simplesmente, por absoluta impossibilidade ontol\u00f3gica e porque os est\u00edmulos do meio s\u00e3o justamente ego\u00edstas.<\/h4><h4>A pessoa que AMA s\u00f3 AMA porque j\u00e1 \u00c9 AMOROSA, ou seja, o seu agir amoroso segue o seu ser amoroso. Esse Ser h\u00e1 de ser constitu\u00eddo num esfor\u00e7o sucessivo-progressivo e, exclusivamente, pelo pr\u00f3prio amoroso. Querer que algu\u00e9m AME, sem ter previamente feito esfor\u00e7o (e muito), \u00e9 simplesmente IGNORAR a a\u00e7\u00e3o de AMAR, corromper sua gram\u00e1tica e o tratar como um verbo transitivo, ao passo que \u00e9 verbo de LIGA\u00c7\u00c3O, com concess\u00e3o m\u00e1xima para que seja verbo INTRANSITIVO.<\/h4><h4>\u00c9 ing\u00eanuo e superficial achar que AMOR tem objeto, como pedem os verbos transitivos de um modo geral. A a\u00e7\u00e3o de AMAR se inicia no sujeito e vai dele para consigo ou para o ALTO, n\u00e3o ao horizonte. Ao cabo, o que AMOR tem no horizonte \u00e9 s\u00f3 BENEFICI\u00c1RIO, mas como uma figura a que a gram\u00e1tica n\u00e3o d\u00e1 cabo propriamente.<\/h4><h4>O que tem OBJETO s\u00e3o os verbos INTERESSAR, ASSOCIAR, USAR e etc. Coisas pr\u00f3prias do n\u00edvel horizontal-social e em que o esquema de est\u00edmulo e rea\u00e7\u00e3o \u00e9 vivaz.<\/h4><h4>Mas, e da\u00ed? A quest\u00e3o que resta \u00e9: como se formam, pois, os amorosos segundo o princ\u00edpio cl\u00e1ssico?<\/h4><h4>A resposta \u00fanica, v\u00e1lida para todas as modalidades de amor, \u00e9 que o amoroso deve constituir\/fazer seu car\u00e1ter, com atitude de ordena\u00e7\u00e3o de afetos, de nutri\u00e7\u00e3o do seu imagin\u00e1rio para a conduta amorosa, aumento sucessivo da for\u00e7a de vontade, de confian\u00e7a, etc., e sempre numa rela\u00e7\u00e3o consigo mesmo, pr\u00e9via ao eventual est\u00edmulo em concreto (BENEFICI\u00c1RIO).<\/h4><h4>Vamos trazer um exemplo relacionado \u00e0 modalidade de amor-de-par, de casamento, tirado da poesia sempre brilhante de CORA CORALINA, que elucida bem clara a PREPARA\u00c7\u00c3O PR\u00c9VIA das mulheres de seu tempo, \u00e9poca em que os casamentos vingavam.<\/h4><h4>Mutatis mutandis, o esquema de TONIFICA\u00c7\u00c3O DA VONTADE \u2013 sin\u00f4nimo de FAZER-SE \u2013 se aplica, obviamente, a homens e a todas as demais modalidades de amor como condi\u00e7\u00e3o sine qua non destas.<\/h4><h4 style=\"text-align: center;\">\u201cMo\u00e7a para casar n\u00e3o precisa namorar, o que for seu vir\u00e1\u201d.<\/h4><h4 style=\"text-align: center;\">Ai, meu Deus! e como custava chegar\u2026<\/h4><h4 style=\"text-align: center;\">Vir\u00e1! Vir\u00e1!\u2026 Vir\u00e1, vir\u00e1\u2026 quando?<\/h4><h4 style=\"text-align: center;\">E o tempo passando e o moinho dos anos moendo,<\/h4><h4 style=\"text-align: center;\">e a roda-da-vida rodando\u2026 Vir\u00e1-vir\u00e1!<\/h4><h4 style=\"text-align: center;\">A gente ali, na estaca, amarrada, consumida<\/h4><h4 style=\"text-align: center;\">de Maria Borralheira, sem madrinha-fada,<\/h4><h4 style=\"text-align: center;\">sem sapatinho perdido, sem arauto de pr\u00edncipe-rei,<\/h4><h4 style=\"text-align: center;\">a procurar pelos reinos da cidade de Goi\u00e1s<\/h4><h4 style=\"text-align: center;\">o pezinho faceiro do sapatinho de cristal,<\/h4><h4 style=\"text-align: center;\">ca\u00eddo na correria da volta.<\/h4><h4 style=\"text-align: center;\">\u00a0<\/h4><h4 style=\"text-align: center;\">A igreja, ref\u00fagio e confession\u00e1rio antigo.<\/h4><h4 style=\"text-align: center;\">O frade, velho e cansado.<\/h4><h4 style=\"text-align: center;\">Frei Germano, piedoso, exortando paciente e severo. \u201cMinha filha, a virgindade<\/h4><h4 style=\"text-align: center;\">\u00e9 um estado agrad\u00e1vel aos olhos de Deus. Olha as santas virgens,<\/h4><h4 style=\"text-align: center;\">Santa Terezinha de Jesus, Santa Clara, Santa Cec\u00edlia,<\/h4><h4 style=\"text-align: center;\">Santa Maria M\u00e3e de Jesus. Deus d\u00e1 uma prote\u00e7\u00e3o especial \u00e0s virgens.<\/h4><h4 style=\"text-align: center;\">Reza tr\u00eas ave-marias e uma salve rainha a Nossa Senhora e vai<\/h4><h4 style=\"text-align: center;\">comungar\u201d.<\/h4><h4 style=\"text-align: center;\">\u00a0<\/h4><h4 style=\"text-align: center;\">A gente sa\u00eda confortada, ouvia a missa,<\/h4><h4 style=\"text-align: center;\">cumpria a penit\u00eancia e comungava humildemente, ajoelhada,<\/h4><h4 style=\"text-align: center;\">v\u00e9u na cabe\u00e7a em mod\u00e9stia refor\u00e7ada.<\/h4><h4 style=\"text-align: center;\">Depois, depois, a solid\u00e3o de solteira,<\/h4><h4 style=\"text-align: center;\">o sonho honesto de um noivo, o desejo de filhos,<\/h4><h4 style=\"text-align: center;\">presen\u00e7a de homem, casa da gente mesma, dona ser. Um lar.<\/h4><h4 style=\"text-align: center;\">Estado de casada.<\/h4><h4>\u00a0<\/h4><h4>Cogitar que mulheres, como a generalidade das atuais, que n\u00e3o seguem o script-maratona pr\u00e9vio de tonifica\u00e7\u00e3o da vontade \u2013 ato de FAZER-SE \u2013 se CASEM para \u201cSER\u201d CASADAS, \u00e9 cogitar, n\u00e3o a que uma coisa nova envelhe\u00e7a, mas que uma coisa velha fique nova e a outros absurdos assim, tal como confundir INTERESSE com AMOR, ou seja, COMPORTAMENTOS com ATITUDES.<\/h4><h4>Ali\u00e1s, j\u00e1 se confundem mesmo muitas INSANIDADES com SANIDADES.<\/h4>\t\t\t\t\t\t\t\t<\/div>\n\t\t\t\t<\/div>\n\t\t\t\t\t<\/div>\n\t\t<\/div>\n\t\t\t\t\t<\/div>\n\t\t<\/section>\n\t\t\t\t<section class=\"elementor-section elementor-top-section elementor-element elementor-element-0fe62d9 elementor-section-boxed elementor-section-height-default elementor-section-height-default\" data-id=\"0fe62d9\" data-element_type=\"section\">\n\t\t\t\t\t\t<div class=\"elementor-container elementor-column-gap-default\">\n\t\t\t\t\t<div class=\"elementor-column elementor-col-100 elementor-top-column elementor-element elementor-element-09ead34\" data-id=\"09ead34\" data-element_type=\"column\">\n\t\t\t<div class=\"elementor-widget-wrap elementor-element-populated\">\n\t\t\t\t\t\t<div class=\"elementor-element elementor-element-1d965a3 elementor-widget elementor-widget-text-editor\" data-id=\"1d965a3\" data-element_type=\"widget\" data-widget_type=\"text-editor.default\">\n\t\t\t\t<div class=\"elementor-widget-container\">\n\t\t\t\t\t\t\t\t\t<p style=\"text-align: center;\"><strong><span style=\"color: #000000;\">A reprodu\u00e7\u00e3o do texto \u00e9 livre, devendo ser citada a fonte e preservada a unidade do pensamento.<\/span><\/strong><\/p>\t\t\t\t\t\t\t\t<\/div>\n\t\t\t\t<\/div>\n\t\t\t\t\t<\/div>\n\t\t<\/div>\n\t\t\t\t\t<\/div>\n\t\t<\/section>\n\t\t\t\t<section class=\"elementor-section elementor-top-section elementor-element elementor-element-2a24acf elementor-section-boxed elementor-section-height-default elementor-section-height-default\" data-id=\"2a24acf\" data-element_type=\"section\">\n\t\t\t\t\t\t<div class=\"elementor-container elementor-column-gap-default\">\n\t\t\t\t\t<div class=\"elementor-column elementor-col-50 elementor-top-column elementor-element elementor-element-cd5d84e\" data-id=\"cd5d84e\" data-element_type=\"column\">\n\t\t\t<div class=\"elementor-widget-wrap elementor-element-populated\">\n\t\t\t\t\t\t<div class=\"elementor-element elementor-element-9ba4128 elementor-widget elementor-widget-text-editor\" data-id=\"9ba4128\" data-element_type=\"widget\" data-widget_type=\"text-editor.default\">\n\t\t\t\t<div class=\"elementor-widget-container\">\n\t\t\t\t\t\t\t\t\t<p><img fetchpriority=\"high\" decoding=\"async\" class=\"alignnone wp-image-8934 size-medium\" src=\"https:\/\/casadacritica.com.br\/site\/wp-content\/uploads\/2020\/02\/Design-sem-nome-3-300x300.png\" alt=\"\" width=\"300\" height=\"300\" srcset=\"https:\/\/casadacritica.com.br\/site\/wp-content\/uploads\/2020\/02\/Design-sem-nome-3-300x300.png 300w, https:\/\/casadacritica.com.br\/site\/wp-content\/uploads\/2020\/02\/Design-sem-nome-3-1024x1024.png 1024w, https:\/\/casadacritica.com.br\/site\/wp-content\/uploads\/2020\/02\/Design-sem-nome-3-150x150.png 150w, https:\/\/casadacritica.com.br\/site\/wp-content\/uploads\/2020\/02\/Design-sem-nome-3-768x768.png 768w, https:\/\/casadacritica.com.br\/site\/wp-content\/uploads\/2020\/02\/Design-sem-nome-3.png 1080w\" sizes=\"(max-width: 300px) 100vw, 300px\" \/><\/p>\t\t\t\t\t\t\t\t<\/div>\n\t\t\t\t<\/div>\n\t\t\t\t\t<\/div>\n\t\t<\/div>\n\t\t\t\t<div class=\"elementor-column elementor-col-50 elementor-top-column elementor-element elementor-element-162d43e\" data-id=\"162d43e\" data-element_type=\"column\">\n\t\t\t<div class=\"elementor-widget-wrap elementor-element-populated\">\n\t\t\t\t\t\t<div class=\"elementor-element elementor-element-ef0d6db elementor-widget elementor-widget-text-editor\" data-id=\"ef0d6db\" data-element_type=\"widget\" data-widget_type=\"text-editor.default\">\n\t\t\t\t<div class=\"elementor-widget-container\">\n\t\t\t\t\t\t\t\t\t<p><span style=\"color: rgb(0, 0, 0);\">Vicente do Prado Tolezano \u00e9 graduado em direito pe\u00e7a PUC\/SP e Mestre em Filosofia pela Faculdade do Mosteiro de S\u00e3o Bento de S\u00e3o Paulo, com investiga\u00e7\u00e3o sobre a Metaf\u00edsica de Arist\u00f3teles. \u00c9 diretor da Casa da Cr\u00edtica e da Tolezano Advogados.<\/span><br><\/p>\n<p><span style=\"color: #000000;\">Tem forma\u00e7\u00f5es complementares diversas na \u00e1rea da Gest\u00e3o, Psican\u00e1lise, Media\u00e7\u00e3o, Filosofia Clinica, L\u00f3gica e Argumenta\u00e7\u00e3o e outras sobre a Alma Humana.<\/span><\/p>\t\t\t\t\t\t\t\t<\/div>\n\t\t\t\t<\/div>\n\t\t\t\t\t<\/div>\n\t\t<\/div>\n\t\t\t\t\t<\/div>\n\t\t<\/section>\n\t\t\t\t<section class=\"elementor-section elementor-top-section elementor-element elementor-element-6f47b3e elementor-section-boxed elementor-section-height-default elementor-section-height-default\" data-id=\"6f47b3e\" data-element_type=\"section\">\n\t\t\t\t\t\t<div class=\"elementor-container elementor-column-gap-default\">\n\t\t\t\t\t<div class=\"elementor-column elementor-col-33 elementor-top-column elementor-element elementor-element-4f8963a\" data-id=\"4f8963a\" data-element_type=\"column\">\n\t\t\t<div class=\"elementor-widget-wrap\">\n\t\t\t\t\t\t\t<\/div>\n\t\t<\/div>\n\t\t\t\t<div class=\"elementor-column elementor-col-33 elementor-top-column elementor-element elementor-element-6809389\" data-id=\"6809389\" data-element_type=\"column\">\n\t\t\t<div class=\"elementor-widget-wrap elementor-element-populated\">\n\t\t\t\t\t\t<div class=\"elementor-element elementor-element-d6f396e elementor-widget elementor-widget-text-editor\" data-id=\"d6f396e\" data-element_type=\"widget\" data-widget_type=\"text-editor.default\">\n\t\t\t\t<div class=\"elementor-widget-container\">\n\t\t\t\t\t\t\t\t\t<h4 style=\"text-align: center;\"><span style=\"color: #ffffff;\"><a style=\"color: #ffffff;\" href=\"http:\/\/casadacritica.com.br\/site\/cadastre-se-para-receber-newsletter\/\" target=\"_blank\" rel=\"noopener\"><strong>CADASTRE-SE AQUI PARA RECEBER NOSSA NEWSLETTER<\/strong><\/a><\/span><\/h4>\t\t\t\t\t\t\t\t<\/div>\n\t\t\t\t<\/div>\n\t\t\t\t\t<\/div>\n\t\t<\/div>\n\t\t\t\t<div class=\"elementor-column elementor-col-33 elementor-top-column elementor-element elementor-element-cd8b09d\" data-id=\"cd8b09d\" data-element_type=\"column\">\n\t\t\t<div class=\"elementor-widget-wrap\">\n\t\t\t\t\t\t\t<\/div>\n\t\t<\/div>\n\t\t\t\t\t<\/div>\n\t\t<\/section>\n\t\t\t\t<\/div>\n\t\t","protected":false},"excerpt":{"rendered":"<p>032 \u2013 Amor \u00e9 vontade e pede (muita) prepara\u00e7\u00e3o Autor:&nbsp;Vicente do Prado Tolezano 09-05-2018 Um princ\u00edpio antigo e medieval indicava uma OBVIEDADE que, atualmente, por conta do imp\u00e9rio materialista, n\u00e3o se percebe: o princ\u00edpio de que \u201cO AGIR SEGUE O SER\u201d (\u201cagere sequitur esse\u201d). O que o princ\u00edpio quer dizer \u00e9, parafraseando-o, que \u201cas nossas [&hellip;]<\/p>\n","protected":false},"author":4,"featured_media":2080,"comment_status":"open","ping_status":"open","sticky":false,"template":"","format":"standard","meta":{"footnotes":""},"categories":[85,50],"tags":[183,255,261,259,260,266,262,263,264,265,159],"class_list":["post-9736","post","type-post","status-publish","format-standard","has-post-thumbnail","hentry","category-artigos","category-artigos-amor-consciencia-e-liberdade","tag-angustia","tag-ansiedade","tag-atitute","tag-casamento","tag-cora-coralina","tag-instransitivo","tag-intransitivo","tag-ligaao","tag-ligacao","tag-transitivo","tag-vontade"],"_links":{"self":[{"href":"https:\/\/casadacritica.com.br\/site\/wp-json\/wp\/v2\/posts\/9736","targetHints":{"allow":["GET"]}}],"collection":[{"href":"https:\/\/casadacritica.com.br\/site\/wp-json\/wp\/v2\/posts"}],"about":[{"href":"https:\/\/casadacritica.com.br\/site\/wp-json\/wp\/v2\/types\/post"}],"author":[{"embeddable":true,"href":"https:\/\/casadacritica.com.br\/site\/wp-json\/wp\/v2\/users\/4"}],"replies":[{"embeddable":true,"href":"https:\/\/casadacritica.com.br\/site\/wp-json\/wp\/v2\/comments?post=9736"}],"version-history":[{"count":4,"href":"https:\/\/casadacritica.com.br\/site\/wp-json\/wp\/v2\/posts\/9736\/revisions"}],"predecessor-version":[{"id":9740,"href":"https:\/\/casadacritica.com.br\/site\/wp-json\/wp\/v2\/posts\/9736\/revisions\/9740"}],"wp:featuredmedia":[{"embeddable":true,"href":"https:\/\/casadacritica.com.br\/site\/wp-json\/wp\/v2\/media\/2080"}],"wp:attachment":[{"href":"https:\/\/casadacritica.com.br\/site\/wp-json\/wp\/v2\/media?parent=9736"}],"wp:term":[{"taxonomy":"category","embeddable":true,"href":"https:\/\/casadacritica.com.br\/site\/wp-json\/wp\/v2\/categories?post=9736"},{"taxonomy":"post_tag","embeddable":true,"href":"https:\/\/casadacritica.com.br\/site\/wp-json\/wp\/v2\/tags?post=9736"}],"curies":[{"name":"wp","href":"https:\/\/api.w.org\/{rel}","templated":true}]}}