{"id":9726,"date":"2018-02-05T22:42:00","date_gmt":"2018-02-06T01:42:00","guid":{"rendered":"https:\/\/casadacritica.com.br\/site\/?p=9726"},"modified":"2020-03-11T22:59:17","modified_gmt":"2020-03-12T01:59:17","slug":"031-amor-ansiedade-existencial-medo-x-culpa-angustia","status":"publish","type":"post","link":"https:\/\/casadacritica.com.br\/site\/031-amor-ansiedade-existencial-medo-x-culpa-angustia\/","title":{"rendered":"031 &#8211; Amor, Ansiedade existencial, medo x culpa\/ang\u00fastia"},"content":{"rendered":"\t\t<div data-elementor-type=\"wp-post\" data-elementor-id=\"9726\" class=\"elementor elementor-9726\" data-elementor-post-type=\"post\">\n\t\t\t\t\t\t<section class=\"elementor-section elementor-top-section elementor-element elementor-element-41b176b elementor-section-boxed elementor-section-height-default elementor-section-height-default\" data-id=\"41b176b\" data-element_type=\"section\">\n\t\t\t\t\t\t<div class=\"elementor-container elementor-column-gap-default\">\n\t\t\t\t\t<div class=\"elementor-column elementor-col-100 elementor-top-column elementor-element elementor-element-1315b4b\" data-id=\"1315b4b\" data-element_type=\"column\">\n\t\t\t<div class=\"elementor-widget-wrap elementor-element-populated\">\n\t\t\t\t\t\t<div class=\"elementor-element elementor-element-7136ec6 elementor-widget elementor-widget-text-editor\" data-id=\"7136ec6\" data-element_type=\"widget\" data-widget_type=\"text-editor.default\">\n\t\t\t\t<div class=\"elementor-widget-container\">\n\t\t\t\t\t\t\t\t\t<h3 style=\"text-align: center;\"><strong><span style=\"color: #ff0000;\">031 &#8211; Amor, Ansiedade existencial, medo x culpa\/ang\u00fastia<\/span><\/strong><\/h3>\t\t\t\t\t\t\t\t<\/div>\n\t\t\t\t<\/div>\n\t\t\t\t\t<\/div>\n\t\t<\/div>\n\t\t\t\t\t<\/div>\n\t\t<\/section>\n\t\t\t\t<section class=\"elementor-section elementor-top-section elementor-element elementor-element-ed8d5b7 elementor-section-boxed elementor-section-height-default elementor-section-height-default\" data-id=\"ed8d5b7\" data-element_type=\"section\">\n\t\t\t\t\t\t<div class=\"elementor-container elementor-column-gap-default\">\n\t\t\t\t\t<div class=\"elementor-column elementor-col-100 elementor-top-column elementor-element elementor-element-3bca0f8\" data-id=\"3bca0f8\" data-element_type=\"column\">\n\t\t\t<div class=\"elementor-widget-wrap elementor-element-populated\">\n\t\t\t\t\t\t<div class=\"elementor-element elementor-element-7d28675 elementor-widget elementor-widget-text-editor\" data-id=\"7d28675\" data-element_type=\"widget\" data-widget_type=\"text-editor.default\">\n\t\t\t\t<div class=\"elementor-widget-container\">\n\t\t\t\t\t\t\t\t\t<h4>Autor: Vicente do Prado Tolezano 05-02-2018<\/h4><h4>O paradoxo pr\u00f3prio da \u201ccondi\u00e7\u00e3o humana\u201d \u00e9 a de SER SEPARADO: somos a \u00fanica esp\u00e9cie \u201cseparada\u201d e disso temos consci\u00eancia, seja de forma clara ou difusa (at\u00e9 uma \u201cconsci\u00eancia inconsciente\u201d).<\/h4><h4>Sabemos que somos integrantes da natureza, particularmente da natureza animal (sem embargo de participarmos dos reinos vegetal, mineral e mesmo c\u00f3smico, pode-se dizer). Sem preju\u00edzo dessa integra\u00e7\u00e3o \u2013 e a\u00ed o PARADOXO \u2013 sabemos que transcendemos ao mundo meramente natural, num sentido de \u201cpara al\u00e9m dele\u201d, mesmo que, num outro sentido simultaneamente presente, \u201cestejamos nele\u201d.<\/h4><h4>Esse paradoxo \u00e9 que \u00e9 SER SEPARADO, o que equivale a \u201cter consci\u00eancia de SI\u201d. S\u00f3 n\u00f3s conhecemos o \u201cEU\u201d, essa inst\u00e2ncia ontol\u00f3gica que, quando se afirma, se afirma em SEPARA\u00c7\u00c3O do mundo, incutindo, inexoravelmente ideia ou afeto bruto mesmo de SER DESAMPARADO ou SOLIT\u00c1RIO.<\/h4><h4>Nenhum animal tem essa CONSCI\u00caNCIA de separa\u00e7\u00e3o ou desamparo, pois ele \u00e9 o que efetivamente \u00e9, sem a dimens\u00e3o intelectual \u201ccogitativa\u201d do ser.<\/h4><h4>Um cachorro sabe identificar seu dono, mas quem \u00e9 o dono, no sentido de \u201co que \u00e9 \u201cdono\u201d, ou mesmo o que ele (o pr\u00f3prio cachorro) \u00e9, isso n\u00e3o sabe nem disso se ocupa. Os aparelhos instintivos dos animais lhes d\u00e3o (at\u00e9 com uso de certas faculdades de raz\u00e3o) tudo o que necessitam para a vida na dimens\u00e3o dita \u201cHORIZONTAL\u201d, mas n\u00e3o lhes outorgam acesso \u00e0 dimens\u00e3o \u201cREFLEXIVA\u201d.<\/h4><h4>Nossos aparelhos instintivos t\u00eam a estrutura animal e mais que isso. Assim, tal como os animais t\u00eam \u201cmedo\u201d pelos seus aparatos instintivos, n\u00f3s tamb\u00e9m o temos e temos mais que isso.<\/h4><h4>Ponha um predador em frente do animal ou lhe comprometa, na luz do \u201chorizonte sens\u00edvel\u201d, qualquer fun\u00e7\u00e3o vital, o animal fica estressado, com medo, etc\u2026 Afasta essa amea\u00e7a e o animal baixa o stress. Isso se passa conosco tamb\u00e9m.<\/h4><h4>O que o animal N\u00c3O tem \u00e9 sentimento de ANSIEDADE, exclusividade nossa. N\u00e3o tem sentimento de ANSIEDADE porque ele n\u00e3o tem qualquer \u201cresposta existencial\u201d para dar: ele simplesmente vive, sem dimens\u00e3o de COGITA\u00c7\u00c3O, tudo no dom\u00ednio da defini\u00e7\u00e3o \u201chorizontal\u201d apenas. Ao v\u00e1cuo de cogita\u00e7\u00e3o se d\u00e1 o nome tamb\u00e9m de INOC\u00caNCIA. Chame de \u201cresposta existencial\u201d a \u201cvida humana\u201d e chegar\u00e1 a sin\u00f4nimos perfeitos entre si.<\/h4><h4>Na medida em que nossa consci\u00eancia de SER SEPARADO brota, brota-nos, naturalmente, a ANSIEDADE, no caso a dita \u201cansiedade existencial\u201d, presente apenas porque existimos e existimos no drama da SEPARA\u00c7\u00c3O da natureza e, pois, no mundo sem tudo definido, como explica uma analogia de um N\u00c1UFRAGO EM BUSCA DE CONTINENTE.<\/h4><h4>Quer gostemos ou odiemos, quer reconhe\u00e7amos ou neguemos, quer enfrentemos ou fujamos, o fato inexor\u00e1vel \u00e9 que TODA, e absolutamente toda, a nossa vida \u00e9, \u00fanica e t\u00e3o somente, a \u201cresposta\u201d que damos ao ESTADO DE SEPARA\u00c7\u00c3O DA NATUREZA, como uma \u201cpr\u00e9-humanidade\u201d que foi perdida, a qual tentamos tanto voltar quanto superar e cuja mola que n\u00e3o descansa de pressionar \u00e9 a ANSIEDADE da exist\u00eancia como SER SEPARADO.<\/h4><h4>Dependendo de como \u201crespondemos\u201d (como \u201cvivemos\u201d), essa ANSIEDADE se amaina ou se intensifica. Tanto quanto mais nos fusionamos\/associamos para com o mundo de menos ansiedade padecemos e quanto mais nos separamos do mundo, a ansiedade, a sua vez, ganha t\u00f4nus.<\/h4><h4>O esfor\u00e7o fusionante\/associativo para com o mundo se chama AMOR e o movimento separativo\/dissociativo se chama EGO\u00cdSMO. Exemplo de fus\u00e3o amorosa: um fruto maduro, que servir\u00e1 de alimento e, ent\u00e3o, prestar\u00e1 \u00e0 cadeia da vida as sementes reprodutivas de mais vida.<\/h4><h4>Exemplo de separa\u00e7\u00e3o ego\u00edstica: um fruto que ficasse eternamente verde ou que seja t\u00f3xico ou que seja est\u00e9ril, ou seja, s\u00f3 bebe seiva da \u00e1rvore, mas n\u00e3o produz valor \u00e0 cadeia da vida. Altera, leitor, dos exemplos, os sujeitos \u201cfruto\u201d por \u201cpessoa\u201d que nada muda em termos de estrutura e senso de propor\u00e7\u00e3o.<\/h4><h4>Se a ANSIEDADE n\u00e3o \u00e9 amainada com as respostas amorosas, ela d\u00e1 \u00e0 luz as filhotas g\u00eameas da CULPA e ANG\u00daSTIA e, \u00e0s vezes, a filhota VERGONHA. Ou seja, o EGO\u00cdSTA recebe o pacote completo de m\u00e3e e prole.<\/h4><h4>Os animais n\u00e3o padecem de CULPA, ANG\u00daSTIA ou VERGONHA, mas padecem de MEDO, como j\u00e1 falamos. Discernir emo\u00e7\u00f5es \u00e9 muito f\u00e1cil muitas vezes e muito dif\u00edcil muitas vezes! Separar o MEDO das filhas da ANSIEDADE n\u00e3o costuma ser f\u00e1cil, mas \u00e9 muito importante para n\u00e3o \u201cperder o recado\u201d.<\/h4><h4>Toda emo\u00e7\u00e3o \u00e9 um tipo de recado ou alarme de ou para as condutas vitais e os animais n\u00e3o precisam, \u00e0 evid\u00eancia, de alarme\/recado para atua\u00e7\u00e3o em dimens\u00e3o em que eles n\u00e3o vivem, como \u00e9 a dimens\u00e3o reflexiva, mas n\u00f3s precisamos, pois vivemos nela tamb\u00e9m.<\/h4><h4>N\u00e3o h\u00e1 EGO\u00cdSTA que n\u00e3o receba os recados da fam\u00edlia, completa da Sra. ANSIEDADE; o que define EGO\u00cdSTA, pois, \u00e9 o que recebe os tais recados e d\u00e1-lhes de ombros por meios m\u00faltiplos de disfarces ou coura\u00e7as incluindo-se disfarces de si para si, situa\u00e7\u00e3o que, obviamente, s\u00f3 salienta mais e mais a perspectiva do SER SEPARADO\/DISSOCIADO, o que demanda mais disfarces e que, providos, aumenta o senso de separa\u00e7\u00e3o, pedindo, ent\u00e3o, mais disfarces, podendo rodar muuuuito a roda do v\u00edcio negacionista da realidade.<\/h4><h4>Entre muitos outros tipos, \u00e9 disfarce, inclusive auto disfarce, do EGO\u00cdSTA que visa encobrir a n\u00e3o amorosidade fusionante se EXIBIR SEM MEDO, com muitas coura\u00e7as nesse sentido, e jogando para uma plateia horizontal como se, supostamente, isso tivesse algum nexo na dimens\u00e3o reflexiva!<\/h4><h4>Fica at\u00e9 uma dica para o leitor: quando algu\u00e9m insistir muito explicitamente em se exibir SEM MEDO, tem alta chance de ser gente com muita CULPA e ANG\u00daSTIA ou VERGONHA e busca uma certa \u201caprova\u00e7\u00e3o alheia de valor\u201d para pseudo aliviar a SENSA\u00c7\u00c3O DE SEPARA\u00c7\u00c3O\/SOLID\u00c3O\/DESAMPARO, mas\u2026 cuida de ERRO DE TRANSFER\u00caNCIA!<\/h4><h4>Em casos extremos, e que n\u00e3o s\u00e3o raros, a fam\u00edlia da Sra. ANSIEDADE \u00e9 pr\u00f3diga em presentear com \u201cdesespero\u201d, \u201cdepress\u00e3o cr\u00f4nica\u201d, \u201cneuroses a quilo, sen\u00e3o em toneladas\u201d, \u201cp\u00e2nicos\u201d, entre outras esp\u00e9cies de suic\u00eddio ontol\u00f3gico, pois recusar recado vital \u00e9 suicidar-se, ainda que pouco a pouco.<\/h4><h4>Contudo, em sentido muito pr\u00f3prio, n\u00e3o existe cicuta passiva para a ANSIEDADE, CULPA, ANG\u00daSTIA e VERGONHA. O que pode existir \u00e9 a A\u00c7\u00c3O ATIVA DE AMAR, cujo sin\u00f4nimo \u00e9 de buscar o estreitamento da separa\u00e7\u00e3o e sua transcend\u00eancia, \u00daNICA vereda que alivia e isola a press\u00e3o da mola da ansiedade, inibindo a visita da culpa, ang\u00fastia e vergonha. Lembre do movimento ASSOCIATIVO\/FUSIONANTE do fruto!<\/h4><h4>A quem n\u00e3o gostar de que a vida humana \u00e9 serva do Mandamento Universal do Amor, a \u00fanica alternativa \u00e9 se iludir que assim n\u00e3o fosse, mesmo sabendo que \u00e9. Obviamente, n\u00e3o por que algu\u00e9m se iluda em bastar-se separado\/dissociado que a conta n\u00e3o vem, tal como que n\u00e3o adianta p\u00f4r coura\u00e7a de coragem, pois a quest\u00e3o, como dito, n\u00e3o \u00e9 de medo.<\/h4><h4>Amar, como enfatiza o ERIC FROMM, \u00e9 a \u00daNICA RESPOSTA EXISTENCIAL MADURA e, diz este articulista, \u00e9 a \u00fanica que poder\u00e1 p\u00f4r o Rivotril no seu devido lugar, que \u00e9 servir a doentes org\u00e2nicos no sentido pr\u00f3prio e n\u00e3o aos doentes de alma como os n\u00e1ufragos que querem negar o continente ou negar-se de a ele nadar.<\/h4><h4>Quem n\u00e3o conhece multid\u00f5es de n\u00e1ufragos\/ego\u00edstas\/desamparados dando bra\u00e7adas a esmo e exibindo falta de medo de sua estupidez existencial?<\/h4>\t\t\t\t\t\t\t\t<\/div>\n\t\t\t\t<\/div>\n\t\t\t\t\t<\/div>\n\t\t<\/div>\n\t\t\t\t\t<\/div>\n\t\t<\/section>\n\t\t\t\t<section class=\"elementor-section elementor-top-section elementor-element elementor-element-0fe62d9 elementor-section-boxed elementor-section-height-default elementor-section-height-default\" data-id=\"0fe62d9\" data-element_type=\"section\">\n\t\t\t\t\t\t<div class=\"elementor-container elementor-column-gap-default\">\n\t\t\t\t\t<div class=\"elementor-column elementor-col-100 elementor-top-column elementor-element elementor-element-09ead34\" data-id=\"09ead34\" data-element_type=\"column\">\n\t\t\t<div class=\"elementor-widget-wrap elementor-element-populated\">\n\t\t\t\t\t\t<div class=\"elementor-element elementor-element-1d965a3 elementor-widget elementor-widget-text-editor\" data-id=\"1d965a3\" data-element_type=\"widget\" data-widget_type=\"text-editor.default\">\n\t\t\t\t<div class=\"elementor-widget-container\">\n\t\t\t\t\t\t\t\t\t<p style=\"text-align: center;\"><strong><span style=\"color: #000000;\">A reprodu\u00e7\u00e3o do texto \u00e9 livre, devendo ser citada a fonte e preservada a unidade do pensamento.<\/span><\/strong><\/p>\t\t\t\t\t\t\t\t<\/div>\n\t\t\t\t<\/div>\n\t\t\t\t\t<\/div>\n\t\t<\/div>\n\t\t\t\t\t<\/div>\n\t\t<\/section>\n\t\t\t\t<section class=\"elementor-section elementor-top-section elementor-element elementor-element-2a24acf elementor-section-boxed elementor-section-height-default elementor-section-height-default\" data-id=\"2a24acf\" data-element_type=\"section\">\n\t\t\t\t\t\t<div class=\"elementor-container elementor-column-gap-default\">\n\t\t\t\t\t<div class=\"elementor-column elementor-col-50 elementor-top-column elementor-element elementor-element-cd5d84e\" data-id=\"cd5d84e\" data-element_type=\"column\">\n\t\t\t<div class=\"elementor-widget-wrap elementor-element-populated\">\n\t\t\t\t\t\t<div class=\"elementor-element elementor-element-9ba4128 elementor-widget elementor-widget-text-editor\" data-id=\"9ba4128\" data-element_type=\"widget\" data-widget_type=\"text-editor.default\">\n\t\t\t\t<div class=\"elementor-widget-container\">\n\t\t\t\t\t\t\t\t\t<p><img fetchpriority=\"high\" decoding=\"async\" class=\"alignnone wp-image-8934 size-medium\" src=\"https:\/\/casadacritica.com.br\/site\/wp-content\/uploads\/2020\/02\/Design-sem-nome-3-300x300.png\" alt=\"\" width=\"300\" height=\"300\" srcset=\"https:\/\/casadacritica.com.br\/site\/wp-content\/uploads\/2020\/02\/Design-sem-nome-3-300x300.png 300w, https:\/\/casadacritica.com.br\/site\/wp-content\/uploads\/2020\/02\/Design-sem-nome-3-1024x1024.png 1024w, https:\/\/casadacritica.com.br\/site\/wp-content\/uploads\/2020\/02\/Design-sem-nome-3-150x150.png 150w, https:\/\/casadacritica.com.br\/site\/wp-content\/uploads\/2020\/02\/Design-sem-nome-3-768x768.png 768w, https:\/\/casadacritica.com.br\/site\/wp-content\/uploads\/2020\/02\/Design-sem-nome-3.png 1080w\" sizes=\"(max-width: 300px) 100vw, 300px\" \/><\/p>\t\t\t\t\t\t\t\t<\/div>\n\t\t\t\t<\/div>\n\t\t\t\t\t<\/div>\n\t\t<\/div>\n\t\t\t\t<div class=\"elementor-column elementor-col-50 elementor-top-column elementor-element elementor-element-162d43e\" data-id=\"162d43e\" data-element_type=\"column\">\n\t\t\t<div class=\"elementor-widget-wrap elementor-element-populated\">\n\t\t\t\t\t\t<div class=\"elementor-element elementor-element-ef0d6db elementor-widget elementor-widget-text-editor\" data-id=\"ef0d6db\" data-element_type=\"widget\" data-widget_type=\"text-editor.default\">\n\t\t\t\t<div class=\"elementor-widget-container\">\n\t\t\t\t\t\t\t\t\t<p><span style=\"color: rgb(0, 0, 0);\">Vicente do Prado Tolezano \u00e9 graduado em direito pe\u00e7a PUC\/SP e Mestre em Filosofia pela Faculdade do Mosteiro de S\u00e3o Bento de S\u00e3o Paulo, com investiga\u00e7\u00e3o sobre a Metaf\u00edsica de Arist\u00f3teles. \u00c9 diretor da Casa da Cr\u00edtica e da Tolezano Advogados.<\/span><br><\/p>\n<p><span style=\"color: #000000;\">Tem forma\u00e7\u00f5es complementares diversas na \u00e1rea da Gest\u00e3o, Psican\u00e1lise, Media\u00e7\u00e3o, Filosofia Clinica, L\u00f3gica e Argumenta\u00e7\u00e3o e outras sobre a Alma Humana.<\/span><\/p>\t\t\t\t\t\t\t\t<\/div>\n\t\t\t\t<\/div>\n\t\t\t\t\t<\/div>\n\t\t<\/div>\n\t\t\t\t\t<\/div>\n\t\t<\/section>\n\t\t\t\t<section class=\"elementor-section elementor-top-section elementor-element elementor-element-6f47b3e elementor-section-boxed elementor-section-height-default elementor-section-height-default\" data-id=\"6f47b3e\" data-element_type=\"section\">\n\t\t\t\t\t\t<div class=\"elementor-container elementor-column-gap-default\">\n\t\t\t\t\t<div class=\"elementor-column elementor-col-33 elementor-top-column elementor-element elementor-element-4f8963a\" data-id=\"4f8963a\" data-element_type=\"column\">\n\t\t\t<div class=\"elementor-widget-wrap\">\n\t\t\t\t\t\t\t<\/div>\n\t\t<\/div>\n\t\t\t\t<div class=\"elementor-column elementor-col-33 elementor-top-column elementor-element elementor-element-6809389\" data-id=\"6809389\" data-element_type=\"column\">\n\t\t\t<div class=\"elementor-widget-wrap elementor-element-populated\">\n\t\t\t\t\t\t<div class=\"elementor-element elementor-element-d6f396e elementor-widget elementor-widget-text-editor\" data-id=\"d6f396e\" data-element_type=\"widget\" data-widget_type=\"text-editor.default\">\n\t\t\t\t<div class=\"elementor-widget-container\">\n\t\t\t\t\t\t\t\t\t<h4 style=\"text-align: center;\"><span style=\"color: #ffffff;\"><a style=\"color: #ffffff;\" href=\"http:\/\/casadacritica.com.br\/site\/cadastre-se-para-receber-newsletter\/\" target=\"_blank\" rel=\"noopener\"><strong>CADASTRE-SE AQUI PARA RECEBER NOSSA NEWSLETTER<\/strong><\/a><\/span><\/h4>\t\t\t\t\t\t\t\t<\/div>\n\t\t\t\t<\/div>\n\t\t\t\t\t<\/div>\n\t\t<\/div>\n\t\t\t\t<div class=\"elementor-column elementor-col-33 elementor-top-column elementor-element elementor-element-cd8b09d\" data-id=\"cd8b09d\" data-element_type=\"column\">\n\t\t\t<div class=\"elementor-widget-wrap\">\n\t\t\t\t\t\t\t<\/div>\n\t\t<\/div>\n\t\t\t\t\t<\/div>\n\t\t<\/section>\n\t\t\t\t<\/div>\n\t\t","protected":false},"excerpt":{"rendered":"<p>031 &#8211; Amor, Ansiedade existencial, medo x culpa\/ang\u00fastia Autor: Vicente do Prado Tolezano 05-02-2018 O paradoxo pr\u00f3prio da \u201ccondi\u00e7\u00e3o humana\u201d \u00e9 a de SER SEPARADO: somos a \u00fanica esp\u00e9cie \u201cseparada\u201d e disso temos consci\u00eancia, seja de forma clara ou difusa (at\u00e9 uma \u201cconsci\u00eancia inconsciente\u201d). Sabemos que somos integrantes da natureza, particularmente da natureza animal (sem [&hellip;]<\/p>\n","protected":false},"author":4,"featured_media":2084,"comment_status":"open","ping_status":"open","sticky":false,"template":"","format":"standard","meta":{"footnotes":""},"categories":[85,50],"tags":[183,255,92,256,254,253,192,62,258,257],"class_list":["post-9726","post","type-post","status-publish","format-standard","has-post-thumbnail","hentry","category-artigos","category-artigos-amor-consciencia-e-liberdade","tag-angustia","tag-ansiedade","tag-consciencia","tag-culpa","tag-desamparo","tag-drama-da-separacao","tag-eric-fromm","tag-medo","tag-transferencia","tag-vergonha"],"_links":{"self":[{"href":"https:\/\/casadacritica.com.br\/site\/wp-json\/wp\/v2\/posts\/9726","targetHints":{"allow":["GET"]}}],"collection":[{"href":"https:\/\/casadacritica.com.br\/site\/wp-json\/wp\/v2\/posts"}],"about":[{"href":"https:\/\/casadacritica.com.br\/site\/wp-json\/wp\/v2\/types\/post"}],"author":[{"embeddable":true,"href":"https:\/\/casadacritica.com.br\/site\/wp-json\/wp\/v2\/users\/4"}],"replies":[{"embeddable":true,"href":"https:\/\/casadacritica.com.br\/site\/wp-json\/wp\/v2\/comments?post=9726"}],"version-history":[{"count":4,"href":"https:\/\/casadacritica.com.br\/site\/wp-json\/wp\/v2\/posts\/9726\/revisions"}],"predecessor-version":[{"id":9732,"href":"https:\/\/casadacritica.com.br\/site\/wp-json\/wp\/v2\/posts\/9726\/revisions\/9732"}],"wp:featuredmedia":[{"embeddable":true,"href":"https:\/\/casadacritica.com.br\/site\/wp-json\/wp\/v2\/media\/2084"}],"wp:attachment":[{"href":"https:\/\/casadacritica.com.br\/site\/wp-json\/wp\/v2\/media?parent=9726"}],"wp:term":[{"taxonomy":"category","embeddable":true,"href":"https:\/\/casadacritica.com.br\/site\/wp-json\/wp\/v2\/categories?post=9726"},{"taxonomy":"post_tag","embeddable":true,"href":"https:\/\/casadacritica.com.br\/site\/wp-json\/wp\/v2\/tags?post=9726"}],"curies":[{"name":"wp","href":"https:\/\/api.w.org\/{rel}","templated":true}]}}