{"id":18802,"date":"2016-06-27T12:57:30","date_gmt":"2016-06-27T15:57:30","guid":{"rendered":"https:\/\/casadacritica.com.br\/site\/?p=18802"},"modified":"2021-01-13T13:27:23","modified_gmt":"2021-01-13T16:27:23","slug":"analfabetismo-funcional-problema-cronico-e-critico-do-brasil-logos-nem-sabemos-o-que-e","status":"publish","type":"post","link":"https:\/\/casadacritica.com.br\/site\/analfabetismo-funcional-problema-cronico-e-critico-do-brasil-logos-nem-sabemos-o-que-e\/","title":{"rendered":"Analfabetismo Funcional. Problema Cr\u00f4nico e Cr\u00edtico do Brasil. Logos? Nem sabemos o que \u00e9."},"content":{"rendered":"\t\t<div data-elementor-type=\"wp-post\" data-elementor-id=\"18802\" class=\"elementor elementor-18802\" data-elementor-post-type=\"post\">\n\t\t\t\t\t\t<section class=\"elementor-section elementor-top-section elementor-element elementor-element-574e4143 elementor-section-boxed elementor-section-height-default elementor-section-height-default\" data-id=\"574e4143\" data-element_type=\"section\">\n\t\t\t\t\t\t<div class=\"elementor-container elementor-column-gap-default\">\n\t\t\t\t\t<div class=\"elementor-column elementor-col-100 elementor-top-column elementor-element elementor-element-2e25e602\" data-id=\"2e25e602\" data-element_type=\"column\">\n\t\t\t<div class=\"elementor-widget-wrap elementor-element-populated\">\n\t\t\t\t\t\t<div class=\"elementor-element elementor-element-7b22b315 elementor-widget elementor-widget-text-editor\" data-id=\"7b22b315\" data-element_type=\"widget\" data-widget_type=\"text-editor.default\">\n\t\t\t\t<div class=\"elementor-widget-container\">\n\t\t\t\t\t\t\t\t\t<h3 style=\"text-align: center;\"><strong><span style=\"color: #ff0000;\">Analfabetismo Funcional. Problema Cr\u00f4nico e Cr\u00edtico do Brasil. Logos? Nem sabemos o que \u00e9.<\/span><\/strong><\/h3>\t\t\t\t\t\t\t\t<\/div>\n\t\t\t\t<\/div>\n\t\t\t\t\t<\/div>\n\t\t<\/div>\n\t\t\t\t\t<\/div>\n\t\t<\/section>\n\t\t\t\t<section class=\"elementor-section elementor-top-section elementor-element elementor-element-1e579c41 elementor-section-boxed elementor-section-height-default elementor-section-height-default\" data-id=\"1e579c41\" data-element_type=\"section\">\n\t\t\t\t\t\t<div class=\"elementor-container elementor-column-gap-default\">\n\t\t\t\t\t<div class=\"elementor-column elementor-col-100 elementor-top-column elementor-element elementor-element-426842e9\" data-id=\"426842e9\" data-element_type=\"column\">\n\t\t\t<div class=\"elementor-widget-wrap elementor-element-populated\">\n\t\t\t\t\t\t<div class=\"elementor-element elementor-element-2046f4f4 elementor-widget elementor-widget-text-editor\" data-id=\"2046f4f4\" data-element_type=\"widget\" data-widget_type=\"text-editor.default\">\n\t\t\t\t<div class=\"elementor-widget-container\">\n\t\t\t\t\t\t\t\t\t<h4>Autor: Vicente do Prado Tolezano\u00a0<\/h4><h4>Somos um pa\u00eds de analfabetos. Essa \u00e9 a realidade dura e que dura h\u00e1 muito tempo, sem dar pistas de que se transformar\u00e1.<\/h4><h4>Houve avan\u00e7os na \u201capar\u00eancia\u201d, qual seja, na universaliza\u00e7\u00e3o da educa\u00e7\u00e3o, particularmente quanto \u00e0 oferta universit\u00e1ria, t\u00edpico \u201couro dos tolos\u201d. Contudo, como s\u00f3i aos avan\u00e7os quantitativos, quanto maior estes, menor a qualidade, podendo descer at\u00e9 o ponto de virar p\u00f3.<\/h4><h4>Entre os portadores de diploma de gradua\u00e7\u00e3o universit\u00e1ria, a monta de analfabetos funcionais \u00e9 de 38%, e entre a popula\u00e7\u00e3o em geral alcan\u00e7a 75%, segundo o trabalho do Instituto Paulo Montenegro. O estoque de brasileiros, a seu turno, que goza de profici\u00eancia lingu\u00edstica \u00e9 de apenas 8%, segundo propunha o saudoso Professor Pierluigi Piazzi!<\/h4><h4>Passar fonema para grafema e vice-versa segue sendo a aptid\u00e3o que as escolas efetivamente s\u00e3o capazes de impingir, ou seja, t\u00edpico caso de analfabetismo funcional, que se limita \u00e0 capacidade MATERIAL de a\u00e7\u00e3o, mas sem impacto na mente do leitor, que n\u00e3o dispara g\u00eanese de conceitos.<\/h4><h4>Claro que o analfabeto funcional sabe ler a placa indicativa do banheiro, o nome do \u00f4nibus, fazer alguns troquinhos, etc. Isso tudo se passa na mais pobre das fun\u00e7\u00f5es da alma humana, que \u00e9 a mem\u00f3ria e mem\u00f3ria na dimens\u00e3o operacional.<\/h4><h4>Mesmo em profiss\u00f5es especializadas, o analfabeto funcional \u00e9 predominante. No Direito, e afirmamos isso por testemunho direto, esses atrofiados vivem em multid\u00e3o. Sabem ler uma peti\u00e7\u00e3o \u201cse for absolutamente do mesmo padr\u00e3o formal e lexical de sua sub, sub e sub especialidade t\u00e9cnica\u201d. Se houverem de definir sentido a partir da coloca\u00e7\u00e3o de v\u00edrgulas, ou expressar uma extraordinariedade, um inferno cai sobre suas cabe\u00e7as ocas!<\/h4><h4>O analfabeto funcional tamb\u00e9m \u00e9 chamado de ILETRADO, aquele que pode possuir a alfabetiza\u00e7\u00e3o, mas dissociada da capacidade de pensar.<\/h4><h4>As patrulhas politicamente corretas rosnam quando se aplicam os predicados de analfabetos funcionais a analfabetos funcionais, j\u00e1 revelando, de partida, sua corrup\u00e7\u00e3o, pois a segunda raz\u00e3o de ser da linguagem \u00e9 DIZER O MUNDO e dize-lo como ele \u00e9.<\/h4><h4>Se acabar a no\u00e7\u00e3o do verbo ser, acabou-se toda possibilidade de dizibilidade e a pr\u00f3pria linguagem. Fortificadas as corrup\u00e7\u00f5es lingu\u00edsticas, fortes ficam as pestes \u201crelativistas\u201d sobre o mundo. Rela\u00e7\u00e3o direta essa, sen\u00e3o mesmo diret\u00edssima.<\/h4><h4>Mas passa despercebido a muita gente, mesmo gente letrada, a PRIMEIRA fun\u00e7\u00e3o da linguagem, que n\u00e3o \u00e9 meramente a de dizer ao mundo ou comunicar, mas a de EXISTIR humanamente. Linguagem \u00e9 propriedade humana para, acima de tudo, EXISTIR, n\u00e3o sendo nem o caso de exist\u00eancia social, mas de exist\u00eancia pr\u00f3pria, do sujeito-personalidade falante.<\/h4><h4>Para efeitos puramente de resumo apertado, trate o leitor como REALIDADE o mundo exterior a si, e como EXIST\u00caNCIA \u00e0 sua interioridade. Isso posto, passe o leitor a ver como a linguagem AFETA a sua interioridade. Exemplos:<\/h4><h4>a) Use a palavra CASA para onde moras ou LAR, VIVENDA, ABRIGO ou o que for e liste a diversidade de impactos decorrentes da diversidade vocabular;<\/h4><h4>b) pergunte e responda o nome de um objeto \u00e0 tua frente e depois tente entender que o nome n\u00e3o est\u00e1 na coisa, mas na tua mente, ligado ao teu conceito mental. A quem fala mais de um idioma, isso \u00e9 mais f\u00e1cil;<\/h4><h4>c) compare as capacidades NARRATIVAS de diversas pessoas quanto a uma coisa muito simples (um dia de passeio, por exemplo) e compare as VITALIDADES respectivas das pessoas em compara\u00e7\u00e3o.<\/h4><h4>Milhares podem ser exemplos, porque milhares s\u00e3o as POSSIBILIDADES EXISTENCIAIS da nossa alma, seja pelos seus elementos essenciais de DESEJO, VONTADE e PENSAMENTO, pot\u00eancias essas todas inter-ligadas entre si e para com o MUNDO EXTERIOR pela linguagem.<\/h4><h4>O analfabeto, seja no sentido pr\u00f3prio ou no sentido rudimentar\/funcional, EXISTE menos enquanto ser pr\u00f3prio. Noutras palavras, vive menos, tendendo mais \u00e0 apatia (menor \u00e2mbito vital).<\/h4><h4>\u00c9 \u00f3bvio que h\u00e1 analfabetos inteligentes (letrados sem alfabetiza\u00e7\u00e3o). H\u00e1 crian\u00e7as que fazem contas sem pr\u00e9vio estudo de aritm\u00e9tica, mas isso n\u00e3o justifica o P\u00c9RFIDO n\u00e3o letramento brasileiro, g\u00eanese direta da propaga\u00e7\u00e3o do FUNK, da inseguran\u00e7a afetiva generalizada, da epidemia de s\u00edndrome de piu-piu, etc.<\/h4><h4>Os antigos gregos j\u00e1 sabiam da direta rela\u00e7\u00e3o da linguagem com EXIST\u00caNCIA BOA, seja no sentido de efici\u00eancia do ser, realiza\u00e7\u00e3o da felicidade, vida \u00e9tica e conhecimento da realidade no sentido de adequa\u00e7\u00e3o da alma ao mundo, num esquema de inter-articula\u00e7\u00e3o, tal que a alma \u00e9 o \u201csujeito\u201d do mundo, que \u00e9 \u201cpredicado\u201d.\u00a0Da\u00ed a origem da palavra \u201clogos\u201d (ou \u201clogoi\u201d), cujo ressaibo segue nos termos L\u00d3GICA e em tudo o mais que tenha \u201clogia\u201d.<\/h4><h4>T\u00e3o densa\/sint\u00e9tica era a cepa antiga que hoje n\u00e3o h\u00e1 UMA palavra suficiente para LOGOS, mas ao menos 3: PALAVRA (dimens\u00e3o material-sens\u00edvel, seja falada ou escrita), RAZ\u00c3O (senso de propor\u00e7\u00e3o do objeto falado e o resto do mundo) e SENTIDO (a inteligibilidade propriamente).<\/h4><h4>Mais ainda, o senso de LOGOS se iniciava com o AFETO DO REAL e visava AFETAR o real, integrando alma e mundo, o homem e sua voca\u00e7\u00e3o divina para perceber, elaborar e atuar no mundo.<\/h4><h4>N\u00e3o sem raz\u00e3o, Arist\u00f3teles j\u00e1 advertia que, \u201cCONHECER O MUNDO necessita do conhecimento da estrutura da linguagem e vice-versa\u201d.<\/h4><h4>Nesta na\u00e7\u00e3o, EXISTIMOS de forma prec\u00e1ria por carecer do primeiro elemento de humanidade, do verbo articulado. O leitor consegue ver a rela\u00e7\u00e3o direta entre linguagem, \u00e9tica e felicidade? Tais temas s\u00e3o plena antessala do not\u00e1vel arranjo educacional do <span style=\"color: #0000ff;\"><a style=\"color: #0000ff;\" href=\"https:\/\/casadacritica.com.br\/site\/curso-trivium-turma-nova\/\" target=\"_blank\" rel=\"noopener\">TRIVIUM (clique <span style=\"text-decoration: underline;\">AQUI<\/span> para saber do nosso curso de Trivium)<\/a><\/span>.<\/h4><p>SP, 27\/06\/2016<\/p>\t\t\t\t\t\t\t\t<\/div>\n\t\t\t\t<\/div>\n\t\t\t\t\t<\/div>\n\t\t<\/div>\n\t\t\t\t\t<\/div>\n\t\t<\/section>\n\t\t\t\t<section class=\"elementor-section elementor-top-section elementor-element elementor-element-39334238 elementor-section-boxed elementor-section-height-default elementor-section-height-default\" data-id=\"39334238\" data-element_type=\"section\">\n\t\t\t\t\t\t<div class=\"elementor-container elementor-column-gap-default\">\n\t\t\t\t\t<div class=\"elementor-column elementor-col-100 elementor-top-column elementor-element elementor-element-3cfaae68\" data-id=\"3cfaae68\" data-element_type=\"column\">\n\t\t\t<div class=\"elementor-widget-wrap elementor-element-populated\">\n\t\t\t\t\t\t<div class=\"elementor-element elementor-element-228e19d6 elementor-widget-divider--view-line elementor-widget elementor-widget-divider\" data-id=\"228e19d6\" data-element_type=\"widget\" data-widget_type=\"divider.default\">\n\t\t\t\t<div class=\"elementor-widget-container\">\n\t\t\t\t\t\t\t<div class=\"elementor-divider\">\n\t\t\t<span class=\"elementor-divider-separator\">\n\t\t\t\t\t\t<\/span>\n\t\t<\/div>\n\t\t\t\t\t\t<\/div>\n\t\t\t\t<\/div>\n\t\t\t\t\t<\/div>\n\t\t<\/div>\n\t\t\t\t\t<\/div>\n\t\t<\/section>\n\t\t\t\t<section class=\"elementor-section elementor-top-section elementor-element elementor-element-303182b0 elementor-section-boxed elementor-section-height-default elementor-section-height-default\" data-id=\"303182b0\" data-element_type=\"section\">\n\t\t\t\t\t\t<div class=\"elementor-container elementor-column-gap-default\">\n\t\t\t\t\t<div class=\"elementor-column elementor-col-20 elementor-top-column elementor-element elementor-element-cf1cd6c\" data-id=\"cf1cd6c\" data-element_type=\"column\">\n\t\t\t<div class=\"elementor-widget-wrap elementor-element-populated\">\n\t\t\t\t\t\t<div class=\"elementor-element elementor-element-619f765 elementor-widget elementor-widget-image\" data-id=\"619f765\" data-element_type=\"widget\" data-widget_type=\"image.default\">\n\t\t\t\t<div class=\"elementor-widget-container\">\n\t\t\t\t\t\t\t\t\t\t\t\t\t\t\t<img fetchpriority=\"high\" decoding=\"async\" width=\"810\" height=\"300\" src=\"https:\/\/casadacritica.com.br\/site\/wp-content\/uploads\/2020\/12\/C\u00f3pia-de-C\u00f3pia-de-C\u00f3pia-de-C\u00f3pia-de-C\u00f3pia-de-C\u00f3pia-de-Sem-nome-1.png\" class=\"attachment-large size-large wp-image-18141\" alt=\"\" srcset=\"https:\/\/casadacritica.com.br\/site\/wp-content\/uploads\/2020\/12\/C\u00f3pia-de-C\u00f3pia-de-C\u00f3pia-de-C\u00f3pia-de-C\u00f3pia-de-C\u00f3pia-de-Sem-nome-1.png 810w, https:\/\/casadacritica.com.br\/site\/wp-content\/uploads\/2020\/12\/C\u00f3pia-de-C\u00f3pia-de-C\u00f3pia-de-C\u00f3pia-de-C\u00f3pia-de-C\u00f3pia-de-Sem-nome-1-300x111.png 300w, https:\/\/casadacritica.com.br\/site\/wp-content\/uploads\/2020\/12\/C\u00f3pia-de-C\u00f3pia-de-C\u00f3pia-de-C\u00f3pia-de-C\u00f3pia-de-C\u00f3pia-de-Sem-nome-1-768x284.png 768w\" sizes=\"(max-width: 810px) 100vw, 810px\" \/>\t\t\t\t\t\t\t\t\t\t\t\t\t\t\t<\/div>\n\t\t\t\t<\/div>\n\t\t\t\t\t<\/div>\n\t\t<\/div>\n\t\t\t\t<div class=\"elementor-column elementor-col-20 elementor-top-column elementor-element elementor-element-569e46d3\" data-id=\"569e46d3\" data-element_type=\"column\">\n\t\t\t<div class=\"elementor-widget-wrap elementor-element-populated\">\n\t\t\t\t\t\t<div class=\"elementor-element elementor-element-3816d3bf elementor-widget elementor-widget-image\" data-id=\"3816d3bf\" data-element_type=\"widget\" data-widget_type=\"image.default\">\n\t\t\t\t<div class=\"elementor-widget-container\">\n\t\t\t\t\t\t\t\t\t\t\t\t\t\t\t\t<a href=\"https:\/\/casadacritica.com.br\/site\/serie-analfabetismo-funcional\/\">\n\t\t\t\t\t\t\t<img decoding=\"async\" width=\"810\" height=\"300\" src=\"https:\/\/casadacritica.com.br\/site\/wp-content\/uploads\/2020\/12\/C\u00f3pia-de-C\u00f3pia-de-C\u00f3pia-de-C\u00f3pia-de-C\u00f3pia-de-C\u00f3pia-de-Sem-nome-2.png\" class=\"attachment-large size-large wp-image-18143\" alt=\"\" srcset=\"https:\/\/casadacritica.com.br\/site\/wp-content\/uploads\/2020\/12\/C\u00f3pia-de-C\u00f3pia-de-C\u00f3pia-de-C\u00f3pia-de-C\u00f3pia-de-C\u00f3pia-de-Sem-nome-2.png 810w, https:\/\/casadacritica.com.br\/site\/wp-content\/uploads\/2020\/12\/C\u00f3pia-de-C\u00f3pia-de-C\u00f3pia-de-C\u00f3pia-de-C\u00f3pia-de-C\u00f3pia-de-Sem-nome-2-300x111.png 300w, https:\/\/casadacritica.com.br\/site\/wp-content\/uploads\/2020\/12\/C\u00f3pia-de-C\u00f3pia-de-C\u00f3pia-de-C\u00f3pia-de-C\u00f3pia-de-C\u00f3pia-de-Sem-nome-2-768x284.png 768w\" sizes=\"(max-width: 810px) 100vw, 810px\" \/>\t\t\t\t\t\t\t\t<\/a>\n\t\t\t\t\t\t\t\t\t\t\t\t\t\t\t<\/div>\n\t\t\t\t<\/div>\n\t\t\t\t\t<\/div>\n\t\t<\/div>\n\t\t\t\t<div class=\"elementor-column elementor-col-20 elementor-top-column elementor-element elementor-element-609d12b9\" data-id=\"609d12b9\" data-element_type=\"column\">\n\t\t\t<div class=\"elementor-widget-wrap elementor-element-populated\">\n\t\t\t\t\t\t<div class=\"elementor-element elementor-element-10d5859b elementor-widget elementor-widget-image\" data-id=\"10d5859b\" data-element_type=\"widget\" data-widget_type=\"image.default\">\n\t\t\t\t<div class=\"elementor-widget-container\">\n\t\t\t\t\t\t\t\t\t\t\t\t\t\t\t\t<a href=\"https:\/\/casadacritica.com.br\/site\/curso-trivium-turma-nova\/\">\n\t\t\t\t\t\t\t<img decoding=\"async\" width=\"810\" height=\"300\" src=\"https:\/\/casadacritica.com.br\/site\/wp-content\/uploads\/2020\/12\/C\u00f3pia-de-C\u00f3pia-de-C\u00f3pia-de-C\u00f3pia-de-C\u00f3pia-de-C\u00f3pia-de-Sem-nome-3.png\" class=\"attachment-large size-large wp-image-18145\" alt=\"\" srcset=\"https:\/\/casadacritica.com.br\/site\/wp-content\/uploads\/2020\/12\/C\u00f3pia-de-C\u00f3pia-de-C\u00f3pia-de-C\u00f3pia-de-C\u00f3pia-de-C\u00f3pia-de-Sem-nome-3.png 810w, https:\/\/casadacritica.com.br\/site\/wp-content\/uploads\/2020\/12\/C\u00f3pia-de-C\u00f3pia-de-C\u00f3pia-de-C\u00f3pia-de-C\u00f3pia-de-C\u00f3pia-de-Sem-nome-3-300x111.png 300w, https:\/\/casadacritica.com.br\/site\/wp-content\/uploads\/2020\/12\/C\u00f3pia-de-C\u00f3pia-de-C\u00f3pia-de-C\u00f3pia-de-C\u00f3pia-de-C\u00f3pia-de-Sem-nome-3-768x284.png 768w\" sizes=\"(max-width: 810px) 100vw, 810px\" \/>\t\t\t\t\t\t\t\t<\/a>\n\t\t\t\t\t\t\t\t\t\t\t\t\t\t\t<\/div>\n\t\t\t\t<\/div>\n\t\t\t\t\t<\/div>\n\t\t<\/div>\n\t\t\t\t<div class=\"elementor-column elementor-col-20 elementor-top-column elementor-element elementor-element-4398bb39\" data-id=\"4398bb39\" data-element_type=\"column\">\n\t\t\t<div class=\"elementor-widget-wrap elementor-element-populated\">\n\t\t\t\t\t\t<div class=\"elementor-element elementor-element-33520251 elementor-widget elementor-widget-image\" data-id=\"33520251\" data-element_type=\"widget\" data-widget_type=\"image.default\">\n\t\t\t\t<div class=\"elementor-widget-container\">\n\t\t\t\t\t\t\t\t\t\t\t\t\t\t\t\t<a href=\"https:\/\/casadacritica.com.br\/site\/serie-contos-brasileiros\/\">\n\t\t\t\t\t\t\t<img loading=\"lazy\" decoding=\"async\" width=\"810\" height=\"300\" src=\"https:\/\/casadacritica.com.br\/site\/wp-content\/uploads\/2020\/12\/C\u00f3pia-de-C\u00f3pia-de-C\u00f3pia-de-C\u00f3pia-de-C\u00f3pia-de-C\u00f3pia-de-Sem-nome-4.png\" class=\"attachment-large size-large wp-image-18147\" alt=\"\" srcset=\"https:\/\/casadacritica.com.br\/site\/wp-content\/uploads\/2020\/12\/C\u00f3pia-de-C\u00f3pia-de-C\u00f3pia-de-C\u00f3pia-de-C\u00f3pia-de-C\u00f3pia-de-Sem-nome-4.png 810w, https:\/\/casadacritica.com.br\/site\/wp-content\/uploads\/2020\/12\/C\u00f3pia-de-C\u00f3pia-de-C\u00f3pia-de-C\u00f3pia-de-C\u00f3pia-de-C\u00f3pia-de-Sem-nome-4-300x111.png 300w, https:\/\/casadacritica.com.br\/site\/wp-content\/uploads\/2020\/12\/C\u00f3pia-de-C\u00f3pia-de-C\u00f3pia-de-C\u00f3pia-de-C\u00f3pia-de-C\u00f3pia-de-Sem-nome-4-768x284.png 768w\" sizes=\"(max-width: 810px) 100vw, 810px\" \/>\t\t\t\t\t\t\t\t<\/a>\n\t\t\t\t\t\t\t\t\t\t\t\t\t\t\t<\/div>\n\t\t\t\t<\/div>\n\t\t\t\t\t<\/div>\n\t\t<\/div>\n\t\t\t\t<div class=\"elementor-column elementor-col-20 elementor-top-column elementor-element elementor-element-297f9527\" data-id=\"297f9527\" data-element_type=\"column\">\n\t\t\t<div class=\"elementor-widget-wrap elementor-element-populated\">\n\t\t\t\t\t\t<div class=\"elementor-element elementor-element-e7ad97f elementor-widget elementor-widget-image\" data-id=\"e7ad97f\" data-element_type=\"widget\" data-widget_type=\"image.default\">\n\t\t\t\t<div class=\"elementor-widget-container\">\n\t\t\t\t\t\t\t\t\t\t\t\t\t\t\t\t<a href=\"https:\/\/casadacritica.com.br\/site\/serie-amorosidade\/\">\n\t\t\t\t\t\t\t<img loading=\"lazy\" decoding=\"async\" width=\"810\" height=\"300\" src=\"https:\/\/casadacritica.com.br\/site\/wp-content\/uploads\/2020\/12\/C\u00f3pia-de-C\u00f3pia-de-C\u00f3pia-de-C\u00f3pia-de-C\u00f3pia-de-C\u00f3pia-de-Sem-nome-5.png\" class=\"attachment-large size-large wp-image-18148\" alt=\"\" srcset=\"https:\/\/casadacritica.com.br\/site\/wp-content\/uploads\/2020\/12\/C\u00f3pia-de-C\u00f3pia-de-C\u00f3pia-de-C\u00f3pia-de-C\u00f3pia-de-C\u00f3pia-de-Sem-nome-5.png 810w, https:\/\/casadacritica.com.br\/site\/wp-content\/uploads\/2020\/12\/C\u00f3pia-de-C\u00f3pia-de-C\u00f3pia-de-C\u00f3pia-de-C\u00f3pia-de-C\u00f3pia-de-Sem-nome-5-300x111.png 300w, https:\/\/casadacritica.com.br\/site\/wp-content\/uploads\/2020\/12\/C\u00f3pia-de-C\u00f3pia-de-C\u00f3pia-de-C\u00f3pia-de-C\u00f3pia-de-C\u00f3pia-de-Sem-nome-5-768x284.png 768w\" sizes=\"(max-width: 810px) 100vw, 810px\" \/>\t\t\t\t\t\t\t\t<\/a>\n\t\t\t\t\t\t\t\t\t\t\t\t\t\t\t<\/div>\n\t\t\t\t<\/div>\n\t\t\t\t\t<\/div>\n\t\t<\/div>\n\t\t\t\t\t<\/div>\n\t\t<\/section>\n\t\t\t\t<\/div>\n\t\t","protected":false},"excerpt":{"rendered":"<p>O analfabetismo funcional grassa entre n\u00f3s, sen\u00e3o mesmo o analfabetismo desfuncional, afetando diretamente a nossa constitui\u00e7\u00e3o pessoal. O logos (signo sens\u00edvel, sentido e senso de propor\u00e7\u00e3o) n\u00e3o \u00e9 nem entendido o que \u00e9.<\/p>\n","protected":false},"author":4,"featured_media":18809,"comment_status":"open","ping_status":"open","sticky":false,"template":"","format":"standard","meta":{"footnotes":""},"categories":[85,50,1],"tags":[],"class_list":["post-18802","post","type-post","status-publish","format-standard","has-post-thumbnail","hentry","category-artigos","category-artigos-amor-consciencia-e-liberdade","category-sem-categoria"],"_links":{"self":[{"href":"https:\/\/casadacritica.com.br\/site\/wp-json\/wp\/v2\/posts\/18802","targetHints":{"allow":["GET"]}}],"collection":[{"href":"https:\/\/casadacritica.com.br\/site\/wp-json\/wp\/v2\/posts"}],"about":[{"href":"https:\/\/casadacritica.com.br\/site\/wp-json\/wp\/v2\/types\/post"}],"author":[{"embeddable":true,"href":"https:\/\/casadacritica.com.br\/site\/wp-json\/wp\/v2\/users\/4"}],"replies":[{"embeddable":true,"href":"https:\/\/casadacritica.com.br\/site\/wp-json\/wp\/v2\/comments?post=18802"}],"version-history":[{"count":9,"href":"https:\/\/casadacritica.com.br\/site\/wp-json\/wp\/v2\/posts\/18802\/revisions"}],"predecessor-version":[{"id":18814,"href":"https:\/\/casadacritica.com.br\/site\/wp-json\/wp\/v2\/posts\/18802\/revisions\/18814"}],"wp:featuredmedia":[{"embeddable":true,"href":"https:\/\/casadacritica.com.br\/site\/wp-json\/wp\/v2\/media\/18809"}],"wp:attachment":[{"href":"https:\/\/casadacritica.com.br\/site\/wp-json\/wp\/v2\/media?parent=18802"}],"wp:term":[{"taxonomy":"category","embeddable":true,"href":"https:\/\/casadacritica.com.br\/site\/wp-json\/wp\/v2\/categories?post=18802"},{"taxonomy":"post_tag","embeddable":true,"href":"https:\/\/casadacritica.com.br\/site\/wp-json\/wp\/v2\/tags?post=18802"}],"curies":[{"name":"wp","href":"https:\/\/api.w.org\/{rel}","templated":true}]}}