{"id":15599,"date":"2020-09-10T10:16:37","date_gmt":"2020-09-10T13:16:37","guid":{"rendered":"https:\/\/casadacritica.com.br\/site\/?p=15599"},"modified":"2020-09-10T10:19:44","modified_gmt":"2020-09-10T13:19:44","slug":"pai-da-moca-na-noitada-de-sabado-conto","status":"publish","type":"post","link":"https:\/\/casadacritica.com.br\/site\/pai-da-moca-na-noitada-de-sabado-conto\/","title":{"rendered":"Pai da mo\u00e7a na noitada de s\u00e1bado &#8211; Conto"},"content":{"rendered":"\t\t<div data-elementor-type=\"wp-post\" data-elementor-id=\"15599\" class=\"elementor elementor-15599\" data-elementor-post-type=\"post\">\n\t\t\t\t\t\t<section class=\"elementor-section elementor-top-section elementor-element elementor-element-22ddef5 elementor-section-boxed elementor-section-height-default elementor-section-height-default\" data-id=\"22ddef5\" data-element_type=\"section\">\n\t\t\t\t\t\t<div class=\"elementor-container elementor-column-gap-default\">\n\t\t\t\t\t<div class=\"elementor-column elementor-col-100 elementor-top-column elementor-element elementor-element-88ea97f\" data-id=\"88ea97f\" data-element_type=\"column\">\n\t\t\t<div class=\"elementor-widget-wrap elementor-element-populated\">\n\t\t\t\t\t\t<div class=\"elementor-element elementor-element-ef195e8 elementor-widget elementor-widget-text-editor\" data-id=\"ef195e8\" data-element_type=\"widget\" data-widget_type=\"text-editor.default\">\n\t\t\t\t<div class=\"elementor-widget-container\">\n\t\t\t\t\t\t\t\t\t<h4>J\u00e1 eram avan\u00e7adas as horas da noite daquele s\u00e1bado de muito calor na cidade de S\u00e3o Paulo.<\/h4><h4>O Dr. Rol\u00e9zio fru\u00eda do seu mais que justo <em>dolce far niente<\/em> dom\u00e9stico; trajava s\u00f3 bermudas e estirado estava na cama movimentando-se apenas no bocejar do pr\u00e9 sono.<\/h4><h4>O telefone, contudo, deu de berrar. Quem seria naquela hora? Fosse quem fosse, haveria de ser grave.<\/h4><h4>&#8211; Al\u00f4, responde o Rol\u00e9zio com tom investigativo.<\/h4><h4>&#8211; Dr. Rol\u00e9zio, a coisa \u00e9 grave, muuuito grave; \u00e9 o Tony que est\u00e1 falando. Me conta se existe juiz de plant\u00e3o no f\u00f3rum agora.<\/h4><h4>Tony era empres\u00e1rio de razo\u00e1vel express\u00e3o econ\u00f4mica em S\u00e3o Paulo. Homem de labuta, pr\u00f3-ativo, cuidador desenvolto das coisas pr\u00f3prias, ao menos na impress\u00e3o. J\u00e1 estava na senioridade dos 60. Sua empresa era cliente habitual da Rol\u00e9zio Advogados, num relacionamento de v\u00e1rios anos.<\/h4><h4>Na Rol\u00e9zio Advogados, a regra de disponibilidade era clar\u00edssima: o cliente deve ser atendido em qualquer hora ou circunst\u00e2ncia; \u00f3bvio, contudo, que o dever de atender excepcionalidades decorre da emerg\u00eancia tamb\u00e9m de excepcionalidades efetivas.<\/h4><h4>&#8211; Tony, o que est\u00e1 acontecendo?<\/h4><h4>&#8211; \u00c9 uma trag\u00e9dia! Dr., \u00e9 uma trag\u00e9dia. Precisamos ir agora para o f\u00f3rum.<\/h4><h4>&#8211; Pera\u00ed, Tony. Toma um ar e vamos por partes. Tem juiz no f\u00f3rum agora sim, mas preciso saber o que est\u00e1 acontecendo.<\/h4><h4>&#8211; O caso \u00e9 grave. Vamos para o f\u00f3rum e te conto. Onde que fica o juiz?<\/h4><h4>&#8211; Tony, preciso saber e.x.a.t.a.m.e.n.t.e. o que est\u00e1 acontecendo para fixar um rumo.<\/h4><h4>&#8211; Foi a vagabunda da Leonor que arrumou mais essa. O cara passou l\u00e1 e levou a Tatiana!!!!! Sabe l\u00e1 onde eles est\u00e3o agora?? Precisamos ir pro f\u00f3rum j\u00e1.<\/h4><h4>&#8211; Vai por partes a\u00ed, meu. Quem \u00e9 Leonor e quem \u00e9 a Tatiana?<\/h4><h4>&#8211; A Leonor \u00e9 minha ex mulher e a Tatiana \u00e9 minha filha com ela; mora com a m\u00e3e, que \u00e9 uma largada; \u00f4 mulher zuada, zuada de tudo! A Tatiana arrumou um namoradinho, que foi l\u00e1 e pegou ela para sair. Eles devem estar transando, tenho certeza! Temos que fazer alguma coisa j\u00e1! Ai se eu pego esse cara!!!!! Depois, eu bato na Leonor, mas agora temos que agir agora.<\/h4><h4>Os gritos de afli\u00e7\u00e3o, em t\u00f4nica de desespero err\u00e1tico, impregnados de dores superlativas e profundas, dum homem de carne e osso diante da sensa\u00e7\u00e3o de vilip\u00eandio iminente ou at\u00e9 j\u00e1 em consuma\u00e7\u00e3o sobre a cria sensibilizaram o Rol\u00e9zio. Ali\u00e1s, ele sempre deu acurada aten\u00e7\u00e3o \u00e0 perspectiva masculinista.<\/h4><h4>O Rol\u00e9zio encheu pulm\u00f5es de ar, centrou-se e deu tom de compreens\u00e3o piedosa ao Tony aflito.<\/h4><h4>&#8211; Olha, Tony, essas coisas s\u00e3o bem sens\u00edveis e graves sim, mas n\u00e3o \u00e9 exatamente um problema para um juiz tratar. \u00c9 uma coisa meio de fam\u00edlia e que se pode at\u00e9 chamar um m\u00e9dico para orientar, dar alguma ajuda, mas, em princ\u00edpio, n\u00e3o tem a ver com justi\u00e7a.<\/h4><h4>&#8211; Temos que fazer algo urgente.<\/h4><h4>&#8211; Voc\u00ea j\u00e1 ligou no celular dela?<\/h4><h4>&#8211; Ela n\u00e3o est\u00e1 atendendo. Eles t\u00e3o transando, cara!!!!!! Tenho certeza!<\/h4><h4>&#8211; Quantos anos tem a Tatiana?<\/h4><h4>&#8211; Ela fez 24 na semana passada.<\/h4><h4>&#8211; O que? 24 anos!!! A tua filha tem 24 anos e voc\u00ea t\u00e1 querendo que um juiz v\u00e1 proibir ela de transar com o namorado, \u00e9 isso mesmo?<\/h4><h4>&#8211; Eu ainda vou pegar esse cara! Temos que ir para o f\u00f3rum j\u00e1.<\/h4><h4>&#8211; Olha, Tony, por conta de muito respeito que eu tenho por ti, eu n\u00e3o te mando \u00e0 merda. At\u00e9 entendo teu inc\u00f4modo, mas da\u00ed a perder a cabe\u00e7a \u00e9 outra coisa. Vou simplesmente desligar e retomar a vida. Voc\u00ea precisa relaxar e aceitar as coisas. Voc\u00ea que tem que educar sua filha a ter senso de responsabilidade e rumo da vida dela, mas nessa altura nem \u00e9 mais assunto teu.<\/h4><h4>&#8211; Ela fica do lado da m\u00e3e dela, a aquela zuada. J\u00e1 devem t\u00e1 transando, eu tenho certeza que sim!<\/h4><h4>&#8211; Tony, boa noite! \u2013 fechou o Rol\u00e9zio com secura mas sem exalta\u00e7\u00e3o pondo fim ao que n\u00e3o tinha que ter tido come\u00e7o.<\/h4><h4>Passado um punhado de dias, chega \u00e0 Rol\u00e9zio Advogados telegrama com not\u00edcia de que a empresa do Tony rescindia contrato com o escrit\u00f3rio. Tudo por causa de uma noitada de s\u00e1bado de calor.<\/h4><p>S\u00e3o Paulo, 10\/09\/20. O Autor.<\/p>\t\t\t\t\t\t\t\t<\/div>\n\t\t\t\t<\/div>\n\t\t\t\t\t<\/div>\n\t\t<\/div>\n\t\t\t\t\t<\/div>\n\t\t<\/section>\n\t\t\t\t<\/div>\n\t\t","protected":false},"excerpt":{"rendered":"<p>J\u00e1 eram avan\u00e7adas as horas da noite daquele s\u00e1bado de muito calor na cidade de S\u00e3o Paulo. O Dr. Rol\u00e9zio fru\u00eda do seu mais que justo dolce far niente dom\u00e9stico; trajava s\u00f3 bermudas e estirado estava na cama movimentando-se apenas no bocejar do pr\u00e9 sono. O telefone, contudo, deu de berrar. Quem seria naquela hora? [&hellip;]<\/p>\n","protected":false},"author":4,"featured_media":15600,"comment_status":"open","ping_status":"open","sticky":false,"template":"","format":"standard","meta":{"footnotes":""},"categories":[545],"tags":[],"class_list":["post-15599","post","type-post","status-publish","format-standard","has-post-thumbnail","hentry","category-conto"],"_links":{"self":[{"href":"https:\/\/casadacritica.com.br\/site\/wp-json\/wp\/v2\/posts\/15599","targetHints":{"allow":["GET"]}}],"collection":[{"href":"https:\/\/casadacritica.com.br\/site\/wp-json\/wp\/v2\/posts"}],"about":[{"href":"https:\/\/casadacritica.com.br\/site\/wp-json\/wp\/v2\/types\/post"}],"author":[{"embeddable":true,"href":"https:\/\/casadacritica.com.br\/site\/wp-json\/wp\/v2\/users\/4"}],"replies":[{"embeddable":true,"href":"https:\/\/casadacritica.com.br\/site\/wp-json\/wp\/v2\/comments?post=15599"}],"version-history":[{"count":3,"href":"https:\/\/casadacritica.com.br\/site\/wp-json\/wp\/v2\/posts\/15599\/revisions"}],"predecessor-version":[{"id":15603,"href":"https:\/\/casadacritica.com.br\/site\/wp-json\/wp\/v2\/posts\/15599\/revisions\/15603"}],"wp:featuredmedia":[{"embeddable":true,"href":"https:\/\/casadacritica.com.br\/site\/wp-json\/wp\/v2\/media\/15600"}],"wp:attachment":[{"href":"https:\/\/casadacritica.com.br\/site\/wp-json\/wp\/v2\/media?parent=15599"}],"wp:term":[{"taxonomy":"category","embeddable":true,"href":"https:\/\/casadacritica.com.br\/site\/wp-json\/wp\/v2\/categories?post=15599"},{"taxonomy":"post_tag","embeddable":true,"href":"https:\/\/casadacritica.com.br\/site\/wp-json\/wp\/v2\/tags?post=15599"}],"curies":[{"name":"wp","href":"https:\/\/api.w.org\/{rel}","templated":true}]}}