{"id":10403,"date":"2019-10-17T18:33:00","date_gmt":"2019-10-17T21:33:00","guid":{"rendered":"https:\/\/casadacritica.com.br\/site\/?p=10403"},"modified":"2020-03-22T18:41:54","modified_gmt":"2020-03-22T21:41:54","slug":"057-diplomas-e-certificados-de-baixa-autoestima","status":"publish","type":"post","link":"https:\/\/casadacritica.com.br\/site\/057-diplomas-e-certificados-de-baixa-autoestima\/","title":{"rendered":"057 &#8211; Diplomas e certificados de baixa autoestima"},"content":{"rendered":"\t\t<div data-elementor-type=\"wp-post\" data-elementor-id=\"10403\" class=\"elementor elementor-10403\" data-elementor-post-type=\"post\">\n\t\t\t\t\t\t<section class=\"elementor-section elementor-top-section elementor-element elementor-element-41b176b elementor-section-boxed elementor-section-height-default elementor-section-height-default\" data-id=\"41b176b\" data-element_type=\"section\">\n\t\t\t\t\t\t<div class=\"elementor-container elementor-column-gap-default\">\n\t\t\t\t\t<div class=\"elementor-column elementor-col-100 elementor-top-column elementor-element elementor-element-1315b4b\" data-id=\"1315b4b\" data-element_type=\"column\">\n\t\t\t<div class=\"elementor-widget-wrap elementor-element-populated\">\n\t\t\t\t\t\t<div class=\"elementor-element elementor-element-7136ec6 elementor-widget elementor-widget-text-editor\" data-id=\"7136ec6\" data-element_type=\"widget\" data-widget_type=\"text-editor.default\">\n\t\t\t\t<div class=\"elementor-widget-container\">\n\t\t\t\t\t\t\t\t\t<h3 style=\"text-align: center;\"><strong><span style=\"color: #ff0000;\">057 &#8211; Diplomas e Certificados de Baixa autoestima<\/span><\/strong><\/h3>\t\t\t\t\t\t\t\t<\/div>\n\t\t\t\t<\/div>\n\t\t\t\t\t<\/div>\n\t\t<\/div>\n\t\t\t\t\t<\/div>\n\t\t<\/section>\n\t\t\t\t<section class=\"elementor-section elementor-top-section elementor-element elementor-element-ed8d5b7 elementor-section-boxed elementor-section-height-default elementor-section-height-default\" data-id=\"ed8d5b7\" data-element_type=\"section\">\n\t\t\t\t\t\t<div class=\"elementor-container elementor-column-gap-default\">\n\t\t\t\t\t<div class=\"elementor-column elementor-col-100 elementor-top-column elementor-element elementor-element-3bca0f8\" data-id=\"3bca0f8\" data-element_type=\"column\">\n\t\t\t<div class=\"elementor-widget-wrap elementor-element-populated\">\n\t\t\t\t\t\t<div class=\"elementor-element elementor-element-7d28675 elementor-widget elementor-widget-text-editor\" data-id=\"7d28675\" data-element_type=\"widget\" data-widget_type=\"text-editor.default\">\n\t\t\t\t<div class=\"elementor-widget-container\">\n\t\t\t\t\t\t\t\t\t<h4>Autor: Vicente do Prado Tolezano 17\/10\/2019<\/h4><h4>Falar ingl\u00eas era requisito para admiss\u00e3o do escrit\u00f3rio de advocacia que este articulista dirigiu por v\u00e1rios anos.<\/h4><h4>Poucas vezes, houve candidatos que simplesmente diziam no curr\u00edculo que falavam ingl\u00eas e \u201cponto final\u201d. Normalmente, quase todos os candidatos diziam possuir certificados respectivos, variando de intermedi\u00e1rio, intermedi\u00e1rio superior, avan\u00e7ado 1, avan\u00e7ado 2, etc e etc\u2026, entre outros besteir\u00f3is.<\/h4><h4>Falar ingl\u00eas efetivamente \u2013 e n\u00e3o possuir certificado de que falasse \u2013 era coisa rara. Ali\u00e1s, nos \u00faltimos anos, falar portugu\u00eas razoavelmente tamb\u00e9m se rareou, inobstante diploma\u00e7\u00f5es acad\u00eamicas.<\/h4><h4>Houve candidatos que se recusavam a fazer teste de flu\u00eancia em ingl\u00eas e at\u00e9 reagiam com trejeitos de indigna\u00e7\u00e3o fingida, j\u00e1 que \u201cquem possui certificado n\u00e3o precisa provar nada\u201d. Seguramente, \u00e9 algo t\u00e3o s\u00f3lido como \u00e9 afirmar que quem beija s\u00f3 beija porque quer casar com quem beijou.<\/h4><h4>A advert\u00eancia tantas vezes repetida por Shakespeare de que a beleza \u00e9 trai\u00e7oeira condiz com a maior parte dos papeluchos chamados certificados, pois boa est\u00e9tica visual eles tinham sim: bras\u00f5es rococ\u00f3 em relevo, estampas douradas ou prateadas, tipografia rebuscada, entre outros lenitivos para a mentira que eles representam.<\/h4><h4>A op\u00e7\u00e3o fundamental pela mentira sempre foi e seguir\u00e1 majorit\u00e1ria entre as gentes, tal como o \u00f3dio contra aqueles que n\u00e3o as endossam, os iconoclastas. Na dimens\u00e3o social, o poder de algu\u00e9m \u00e9 diretamente associado a quanto se consegue exigir que suas mentiras sejam aceitas e at\u00e9 louvadas, pouco importando que todos os interlocutores sejam c\u00ednicos e c\u00f4nscios de que o s\u00e3o.<\/h4><h4>N\u00e3o \u00e9 regra necess\u00e1ria, mas \u00e9 regra estat\u00edstica que o humano \u00e9 perverso. Uma simples quest\u00e3o de certificado de \u201cescolinhas de ingl\u00eas\u201d est\u00e1 imbu\u00edda no fluxo da pervers\u00e3o sob uma aura de banalidade.<\/h4><h4>Quebrar a banalidade exige intelig\u00eancia e autoestima, essa \u00faltima mais rara que a primeira, que tamb\u00e9m \u00e9 rara.<\/h4><h4>N\u00e3o urge ser demasiado inteligente para aprender ingl\u00eas ou qualquer idioma estrangeiro. Quem receia isso n\u00e3o conseguir e por isso se inibe e n\u00e3o aprende, tende a ter mais feridas na autoestima que no intelecto.<\/h4><h4>Quem, por sua vez, opta n\u00e3o por falar ingl\u00eas mas por conseguir um certificado de que falaria (t\u00e3o comum como peixe no mar) est\u00e1 com ferida ainda mais funda na autoestima. Nunca se perca de vista que o cord\u00e3o umbilical da pervers\u00e3o est\u00e1 ligado com a baixa autoestima e os receios e medos dela decorrentes.<\/h4><h4>Pessoas bem estimadas, que s\u00e3o as que t\u00eam personalidade, aprendem efetivamente ingl\u00eas ou javan\u00eas porque podem querer aprend\u00ea-los e s\u00f3 por isso. N\u00e3o tendem a querer mostrar certificados, e muito menos ainda os ideologicamente falsos.<\/h4><h4>Mutatis mutandis, o que se passa com os certificados de ingl\u00eas, passa-se tamb\u00e9m com os diplomas das universidades, certifica\u00e7\u00f5es para o trabalho, comendas honor\u00edficas e demais coisas dos mercados de ilus\u00f5es.<\/h4><h4>N\u00e3o h\u00e1 nenhum exagero em dizer que a dita \u201ceduca\u00e7\u00e3o\u201d, como articulada no Brasil, \u00e9 apenas uma escolinha de ingl\u00eas emitindo certificados ideologicamente falsos para acalmar a \u2018baixa autoestima\u2019 das gentes por meio de distribui\u00e7\u00e3o de t\u00edtulos p\u00f3 de arroz. At\u00e9 a tend\u00eancia a aprova\u00e7\u00f5es autom\u00e1ticas est\u00e1 se cristalizando para corroborar tudo isso.<\/h4><h4>Houve euforia recente no Brasil com celebra\u00e7\u00e3o de suposta ascens\u00e3o das gentes, que viraram universit\u00e1rios, como se a universidade tivesse se universalizado com a multiplica\u00e7\u00e3o de bachar\u00e9is, mestres e doutores, portadores de diplomas t\u00e3o fidedignos como os certificados das escolinhas de ingl\u00eas.<\/h4><h4>A rigor, n\u00e3o \u00e9 verdade que h\u00e1 advogados ou profissionais de n\u00edvel superior sem trabalho pr\u00f3prio. A verdade \u00e9 que h\u00e1 atendentes de lojas de fast food que possuem t\u00edtulos de universidade, mas sem capacita\u00e7\u00e3o n\u00e3o apenas nas suas \u00e1reas especializadas, mas, tantas vezes, sequer na l\u00edngua portuguesa (quem dir\u00e1 em ingl\u00eas!).<\/h4><h4>Como exemplo, advogado, \u00e9 quem conhece o esquema de ordena\u00e7\u00e3o jur\u00eddica, sabe exercer os meios de postula\u00e7\u00e3o de direitos, planeja estrat\u00e9gias racionais, mant\u00e9m-se frio em circunst\u00e2ncias passionais, maneja proficientemente o idioma, acha sentido em ambiguidades, n\u00e3o se importa em desagradar muita gente, etc \u2026 S\u00f3 e s\u00f3 isso \u00e9 ser advogado e n\u00e3o \u00e9 a mesma coisa que ser \u201cadvogado-nominal\u201d, ou seja, \u201cter diploma de\u201d.<\/h4><h4>Recado para a conclus\u00e3o: toda ang\u00fastia que a baixa autoestima gera \u00e9 aumentada com as falsas solu\u00e7\u00f5es, incluindo a\u00ed a posse de certificado\/diploma\/trof\u00e9u\/comenda ideologicamente falsos que s\u00f3 tem efeito de despersonalizar, como se algu\u00e9m buscasse de fora o enchimento pr\u00f3prio \u2013 ego puro \u2013 para convencer a si que seria o que n\u00e3o \u00e9.<\/h4><h4>Quantos e quantos imbecis j\u00e1 tentaram convencer este articulista \u2013 e com pose de emp\u00e1fia \u2013 de que falavam, sim, ingl\u00eas, mesmo sem falar uma palavra em ingl\u00eas. Quantos mais alegaram que seriam advogados mesmo sem saber praticar atos de advocacia e tudo porque tinham certificados\/diplomas respectivos!<\/h4><h4>Por justi\u00e7a, muitos mereceriam certificados, mas s\u00f3 os de imbecilidade e de baixa autoestima. Nada al\u00e9m disso.<\/h4><h4>\u00a0<\/h4>\t\t\t\t\t\t\t\t<\/div>\n\t\t\t\t<\/div>\n\t\t\t\t\t<\/div>\n\t\t<\/div>\n\t\t\t\t\t<\/div>\n\t\t<\/section>\n\t\t\t\t<section class=\"elementor-section elementor-top-section elementor-element elementor-element-0fe62d9 elementor-section-boxed elementor-section-height-default elementor-section-height-default\" data-id=\"0fe62d9\" data-element_type=\"section\">\n\t\t\t\t\t\t<div class=\"elementor-container elementor-column-gap-default\">\n\t\t\t\t\t<div class=\"elementor-column elementor-col-100 elementor-top-column elementor-element elementor-element-09ead34\" data-id=\"09ead34\" data-element_type=\"column\">\n\t\t\t<div class=\"elementor-widget-wrap elementor-element-populated\">\n\t\t\t\t\t\t<div class=\"elementor-element elementor-element-1d965a3 elementor-widget elementor-widget-text-editor\" data-id=\"1d965a3\" data-element_type=\"widget\" data-widget_type=\"text-editor.default\">\n\t\t\t\t<div class=\"elementor-widget-container\">\n\t\t\t\t\t\t\t\t\t<p style=\"text-align: center;\"><strong><span style=\"color: #000000;\">A reprodu\u00e7\u00e3o do texto \u00e9 livre, devendo ser citada a fonte e preservada a unidade do pensamento.<\/span><\/strong><\/p>\t\t\t\t\t\t\t\t<\/div>\n\t\t\t\t<\/div>\n\t\t\t\t\t<\/div>\n\t\t<\/div>\n\t\t\t\t\t<\/div>\n\t\t<\/section>\n\t\t\t\t<section class=\"elementor-section elementor-top-section elementor-element elementor-element-2a24acf elementor-section-boxed elementor-section-height-default elementor-section-height-default\" data-id=\"2a24acf\" data-element_type=\"section\">\n\t\t\t\t\t\t<div class=\"elementor-container elementor-column-gap-default\">\n\t\t\t\t\t<div class=\"elementor-column elementor-col-50 elementor-top-column elementor-element elementor-element-cd5d84e\" data-id=\"cd5d84e\" data-element_type=\"column\">\n\t\t\t<div class=\"elementor-widget-wrap elementor-element-populated\">\n\t\t\t\t\t\t<div class=\"elementor-element elementor-element-9ba4128 elementor-widget elementor-widget-text-editor\" data-id=\"9ba4128\" data-element_type=\"widget\" data-widget_type=\"text-editor.default\">\n\t\t\t\t<div class=\"elementor-widget-container\">\n\t\t\t\t\t\t\t\t\t<p><img fetchpriority=\"high\" decoding=\"async\" class=\"alignnone wp-image-8934 size-medium\" src=\"https:\/\/casadacritica.com.br\/site\/wp-content\/uploads\/2020\/02\/Design-sem-nome-3-300x300.png\" alt=\"\" width=\"300\" height=\"300\" srcset=\"https:\/\/casadacritica.com.br\/site\/wp-content\/uploads\/2020\/02\/Design-sem-nome-3-300x300.png 300w, https:\/\/casadacritica.com.br\/site\/wp-content\/uploads\/2020\/02\/Design-sem-nome-3-1024x1024.png 1024w, https:\/\/casadacritica.com.br\/site\/wp-content\/uploads\/2020\/02\/Design-sem-nome-3-150x150.png 150w, https:\/\/casadacritica.com.br\/site\/wp-content\/uploads\/2020\/02\/Design-sem-nome-3-768x768.png 768w, https:\/\/casadacritica.com.br\/site\/wp-content\/uploads\/2020\/02\/Design-sem-nome-3.png 1080w\" sizes=\"(max-width: 300px) 100vw, 300px\" \/><\/p>\t\t\t\t\t\t\t\t<\/div>\n\t\t\t\t<\/div>\n\t\t\t\t\t<\/div>\n\t\t<\/div>\n\t\t\t\t<div class=\"elementor-column elementor-col-50 elementor-top-column elementor-element elementor-element-162d43e\" data-id=\"162d43e\" data-element_type=\"column\">\n\t\t\t<div class=\"elementor-widget-wrap elementor-element-populated\">\n\t\t\t\t\t\t<div class=\"elementor-element elementor-element-ef0d6db elementor-widget elementor-widget-text-editor\" data-id=\"ef0d6db\" data-element_type=\"widget\" data-widget_type=\"text-editor.default\">\n\t\t\t\t<div class=\"elementor-widget-container\">\n\t\t\t\t\t\t\t\t\t<p><span style=\"color: rgb(0, 0, 0);\">Vicente do Prado Tolezano \u00e9 graduado em direito pe\u00e7a PUC\/SP e Mestre em Filosofia pela Faculdade do Mosteiro de S\u00e3o Bento de S\u00e3o Paulo, com investiga\u00e7\u00e3o sobre a Metaf\u00edsica de Arist\u00f3teles. \u00c9 diretor da Casa da Cr\u00edtica e da Tolezano Advogados.<\/span><br><\/p>\n<p><span style=\"color: #000000;\">Tem forma\u00e7\u00f5es complementares diversas na \u00e1rea da Gest\u00e3o, Psican\u00e1lise, Media\u00e7\u00e3o, Filosofia Clinica, L\u00f3gica e Argumenta\u00e7\u00e3o e outras sobre a Alma Humana.<\/span><\/p>\t\t\t\t\t\t\t\t<\/div>\n\t\t\t\t<\/div>\n\t\t\t\t\t<\/div>\n\t\t<\/div>\n\t\t\t\t\t<\/div>\n\t\t<\/section>\n\t\t\t\t<section class=\"elementor-section elementor-top-section elementor-element elementor-element-6f47b3e elementor-section-boxed elementor-section-height-default elementor-section-height-default\" data-id=\"6f47b3e\" data-element_type=\"section\">\n\t\t\t\t\t\t<div class=\"elementor-container elementor-column-gap-default\">\n\t\t\t\t\t<div class=\"elementor-column elementor-col-33 elementor-top-column elementor-element elementor-element-4f8963a\" data-id=\"4f8963a\" data-element_type=\"column\">\n\t\t\t<div class=\"elementor-widget-wrap\">\n\t\t\t\t\t\t\t<\/div>\n\t\t<\/div>\n\t\t\t\t<div class=\"elementor-column elementor-col-33 elementor-top-column elementor-element elementor-element-6809389\" data-id=\"6809389\" data-element_type=\"column\">\n\t\t\t<div class=\"elementor-widget-wrap elementor-element-populated\">\n\t\t\t\t\t\t<div class=\"elementor-element elementor-element-d6f396e elementor-widget elementor-widget-text-editor\" data-id=\"d6f396e\" data-element_type=\"widget\" data-widget_type=\"text-editor.default\">\n\t\t\t\t<div class=\"elementor-widget-container\">\n\t\t\t\t\t\t\t\t\t<h4 style=\"text-align: center;\"><span style=\"color: #ffffff;\"><a style=\"color: #ffffff;\" href=\"http:\/\/casadacritica.com.br\/site\/cadastre-se-para-receber-newsletter\/\" target=\"_blank\" rel=\"noopener\"><strong>CADASTRE-SE AQUI PARA RECEBER NOSSA NEWSLETTER<\/strong><\/a><\/span><\/h4>\t\t\t\t\t\t\t\t<\/div>\n\t\t\t\t<\/div>\n\t\t\t\t\t<\/div>\n\t\t<\/div>\n\t\t\t\t<div class=\"elementor-column elementor-col-33 elementor-top-column elementor-element elementor-element-cd8b09d\" data-id=\"cd8b09d\" data-element_type=\"column\">\n\t\t\t<div class=\"elementor-widget-wrap\">\n\t\t\t\t\t\t\t<\/div>\n\t\t<\/div>\n\t\t\t\t\t<\/div>\n\t\t<\/section>\n\t\t\t\t<\/div>\n\t\t","protected":false},"excerpt":{"rendered":"<p>057 &#8211; Diplomas e Certificados de Baixa autoestima Autor: Vicente do Prado Tolezano 17\/10\/2019 Falar ingl\u00eas era requisito para admiss\u00e3o do escrit\u00f3rio de advocacia que este articulista dirigiu por v\u00e1rios anos. Poucas vezes, houve candidatos que simplesmente diziam no curr\u00edculo que falavam ingl\u00eas e \u201cponto final\u201d. Normalmente, quase todos os candidatos diziam possuir certificados respectivos, [&hellip;]<\/p>\n","protected":false},"author":4,"featured_media":6822,"comment_status":"open","ping_status":"open","sticky":false,"template":"","format":"standard","meta":{"footnotes":""},"categories":[85,49],"tags":[415,414,418,417,419],"class_list":["post-10403","post","type-post","status-publish","format-standard","has-post-thumbnail","hentry","category-artigos","category-artigos-educacao","tag-autoestima","tag-certificado","tag-idiotice","tag-imbecilidade","tag-inepcia"],"_links":{"self":[{"href":"https:\/\/casadacritica.com.br\/site\/wp-json\/wp\/v2\/posts\/10403","targetHints":{"allow":["GET"]}}],"collection":[{"href":"https:\/\/casadacritica.com.br\/site\/wp-json\/wp\/v2\/posts"}],"about":[{"href":"https:\/\/casadacritica.com.br\/site\/wp-json\/wp\/v2\/types\/post"}],"author":[{"embeddable":true,"href":"https:\/\/casadacritica.com.br\/site\/wp-json\/wp\/v2\/users\/4"}],"replies":[{"embeddable":true,"href":"https:\/\/casadacritica.com.br\/site\/wp-json\/wp\/v2\/comments?post=10403"}],"version-history":[{"count":3,"href":"https:\/\/casadacritica.com.br\/site\/wp-json\/wp\/v2\/posts\/10403\/revisions"}],"predecessor-version":[{"id":10406,"href":"https:\/\/casadacritica.com.br\/site\/wp-json\/wp\/v2\/posts\/10403\/revisions\/10406"}],"wp:featuredmedia":[{"embeddable":true,"href":"https:\/\/casadacritica.com.br\/site\/wp-json\/wp\/v2\/media\/6822"}],"wp:attachment":[{"href":"https:\/\/casadacritica.com.br\/site\/wp-json\/wp\/v2\/media?parent=10403"}],"wp:term":[{"taxonomy":"category","embeddable":true,"href":"https:\/\/casadacritica.com.br\/site\/wp-json\/wp\/v2\/categories?post=10403"},{"taxonomy":"post_tag","embeddable":true,"href":"https:\/\/casadacritica.com.br\/site\/wp-json\/wp\/v2\/tags?post=10403"}],"curies":[{"name":"wp","href":"https:\/\/api.w.org\/{rel}","templated":true}]}}