{"id":10392,"date":"2019-10-11T17:55:00","date_gmt":"2019-10-11T20:55:00","guid":{"rendered":"https:\/\/casadacritica.com.br\/site\/?p=10392"},"modified":"2020-03-22T18:13:55","modified_gmt":"2020-03-22T21:13:55","slug":"055-amor-a-patria-2","status":"publish","type":"post","link":"https:\/\/casadacritica.com.br\/site\/055-amor-a-patria-2\/","title":{"rendered":"056 &#8211; Analfabetismo funcional \u00e9 Falta de Atitude"},"content":{"rendered":"\t\t<div data-elementor-type=\"wp-post\" data-elementor-id=\"10392\" class=\"elementor elementor-10392\" data-elementor-post-type=\"post\">\n\t\t\t\t\t\t<section class=\"elementor-section elementor-top-section elementor-element elementor-element-41b176b elementor-section-boxed elementor-section-height-default elementor-section-height-default\" data-id=\"41b176b\" data-element_type=\"section\">\n\t\t\t\t\t\t<div class=\"elementor-container elementor-column-gap-default\">\n\t\t\t\t\t<div class=\"elementor-column elementor-col-100 elementor-top-column elementor-element elementor-element-1315b4b\" data-id=\"1315b4b\" data-element_type=\"column\">\n\t\t\t<div class=\"elementor-widget-wrap elementor-element-populated\">\n\t\t\t\t\t\t<div class=\"elementor-element elementor-element-7136ec6 elementor-widget elementor-widget-text-editor\" data-id=\"7136ec6\" data-element_type=\"widget\" data-widget_type=\"text-editor.default\">\n\t\t\t\t<div class=\"elementor-widget-container\">\n\t\t\t\t\t\t\t\t\t<h3 style=\"text-align: center;\"><strong><span style=\"color: #ff0000;\">056 &#8211; Analfabetismo Funcional \u00e9 Falta de Atitude (e nada mais)<\/span><\/strong><\/h3>\t\t\t\t\t\t\t\t<\/div>\n\t\t\t\t<\/div>\n\t\t\t\t\t<\/div>\n\t\t<\/div>\n\t\t\t\t\t<\/div>\n\t\t<\/section>\n\t\t\t\t<section class=\"elementor-section elementor-top-section elementor-element elementor-element-ed8d5b7 elementor-section-boxed elementor-section-height-default elementor-section-height-default\" data-id=\"ed8d5b7\" data-element_type=\"section\">\n\t\t\t\t\t\t<div class=\"elementor-container elementor-column-gap-default\">\n\t\t\t\t\t<div class=\"elementor-column elementor-col-100 elementor-top-column elementor-element elementor-element-3bca0f8\" data-id=\"3bca0f8\" data-element_type=\"column\">\n\t\t\t<div class=\"elementor-widget-wrap elementor-element-populated\">\n\t\t\t\t\t\t<div class=\"elementor-element elementor-element-7d28675 elementor-widget elementor-widget-text-editor\" data-id=\"7d28675\" data-element_type=\"widget\" data-widget_type=\"text-editor.default\">\n\t\t\t\t<div class=\"elementor-widget-container\">\n\t\t\t\t\t\t\t\t\t<h4>Autor: Vicente do Prado Tolezano 11\/10\/2019<\/h4><h4>Comecemos por exemplos de como funciona um chapeiro que seja analfabeto funcional e num contexto que sequer h\u00e1 \u201cleitura de texto\u201d.<\/h4><h4>Todo os dias, um chapeiro faz XBURGERs e corretamente. A cada \u201cXBURGUER\u201d que um fregu\u00eas diz, ele sabe exatamente como funcionar. Um dia, contudo, um fregu\u00eas diz \u201cquero aquele sandu\u00edche de hamb\u00farguer com queijo derretido\u201d. O \u00a0chapeiro pode n\u00e3o saber o que fazer e ficar acuado ou agressivo pelo sentimento de vazio que lhe tomar\u00e1, pois, se entende \u201csem mando\u201d, j\u00e1 que ele s\u00f3 capta o mando \u201cXBURGUER\u201d, sem nunca ter entendido o que significava a express\u00e3o, mesmo tendo \u201cfuncionado\u201d centenas de vezes sob ela.<\/h4><h4>Outro dia, um fregu\u00eas lhe pede \u201cXB\u00daRGUER com bola de sorvete de morango por cima\u201d. O chapeiro eventualmente ir\u00e1 SIM cumprir o \u201cmando\u201d absurdo e colocar\u00e1 a bola de sorvete sobre o hamb\u00farguer (aargh!), pois ele n\u00e3o entende que necessariamente a situa\u00e7\u00e3o era de JOCOSIDADE amig\u00e1vel para ele e o fregu\u00eas rirem juntos ou de DEBOCHE hostil do fregu\u00eas que queria lhe humilhar caso ele cumprisse o absurdo.<\/h4><h4>Quem n\u00e3o percebe a exist\u00eancia massiva de chapeiros, atendentes, pedreiros, banc\u00e1rios, comerci\u00e1rios, advogados, arquitetos, enfim, gente de todas as classes sociais e profiss\u00f5es mas que \u00e9 analfabeta funcional, n\u00e3o \u00e9 que n\u00e3o esteja no mundo, mas \u00e9 tamb\u00e9m um analfabeto funcional, ou seja, \u00e9 algu\u00e9m que \u201cat\u00e9 eventualmente funciona, mas n\u00e3o significa\u201d.<\/h4><h4>A alfabetiza\u00e7\u00e3o \u00e9 bastante universalizada, mas a capacidade de leitura (chamada de letramento) \u00e9 muito restrita.<\/h4><h4>No sentido pr\u00f3prio, ler \u00e9 inteligir e a pr\u00f3pria etimologia de \u201cintelig\u00eancia\u201d denuncia o imbricamento que tem com a atividade de leitura: inter (\u201centre\u201d) + legere (ler), como \u201cler \u00a0dentro\u201d ou \u201ccaptar\/penetrar\u201d o sentido das coisas.<\/h4><h4>Os etim\u00f3logos contam tamb\u00e9m que leggere tamb\u00e9m se cont\u00e9m na mesma cepa sem\u00e2ntica de \u201celeger\u201d, refor\u00e7ando que o ato de ler \u00e9 um ato de elei\u00e7\u00e3o\/escolha, inserto num todo de captura de sentidos envolvidos diante de uma percep\u00e7\u00e3o e da\u00ed a escolha do sentido adequado (tamb\u00e9m chamada de interpreta\u00e7\u00e3o).<\/h4><h4>Leitura, pois, \u00e9 muito mais que mera \u201cleitura textual\u201d, pois \u00e9 leitura da realidade, dos fatos, circunst\u00e2ncias, das experi\u00eancias, etc\u2026, sendo perfeitamente poss\u00edvel a \u201catitude leitora\u201d sem mesmo a posse do alfabeto.<\/h4><h4>Alfabeto e a escrita, ali\u00e1s, sequer s\u00e3o naturais do homem, mas inventos. A fona\u00e7\u00e3o e acuradamente a fala articulada \u00e9 que nos s\u00e3o naturais e n\u00e3o \u00e9 nenhum exagero dizer que j\u00e1 l\u00edamos antes da escrita ser inventada.<\/h4><h4>Em termos espec\u00edficos, alfabetizar \u00e9 prover a posse da codifica\u00e7\u00e3o\/decodifica\u00e7\u00e3o de fonemas em grafemas e vice-versa. Diz-se analfabeto funcional quem tem essa posse, limitada a quadrantes meramente materiais, mas n\u00e3o a capacidade efetiva de ler, em que existe a ascens\u00e3o da intelig\u00eancia, quadrante formal. Noutras palavras, o analfabeto funcional \u00e9 alfabetizado iletrado.<\/h4><h4>Como j\u00e1 dito, o \u201canalfabeto funcional at\u00e9 eventualmente funciona, mas n\u00e3o significa\u201d. A leitura textual lhe pode servir como \u201cfonte de instru\u00e7\u00e3o ou de mando\u201d, para que sabia o \u201cque\u201d fazer, ainda que n\u00e3o capte o \u201co qu\u00ea\u201d que a instru\u00e7\u00e3o efetivamente diga.<\/h4><h4>Os exemplos do chapeiro deixam tudo isso acima bem claro. N\u00e3o sabemos se ele era ou n\u00e3o alfabetizado, mas sabemos que era iletrado e cujo \u00fanico problema era \u201ccumprir mando\u201d, sem absolutamente nada decidir, ou seja, com escape da leitura. A menos que ele passe a adotar sistematicamente \u201catitude de leitura\u201d, ele nunca vai progredir, pois progress\u00e3o \u00e9 efeito da \u00faltima etapa da leitura, que \u00e9 a reten\u00e7\u00e3o e o nosso chapeiro nem d\u00e1 cabo das etapas primeiras.<\/h4><h4>Estamos a afirmar que a \u201catitude de leitura\u201d \u00e9 constituinte do ser humano e tal que quem n\u00e3o a cultiva tem \u201cmenos vida humana\u201d, como uma \u201csub-vitalidade\u201d e tal que ser\u00e1 mero servo, cumpridor de fun\u00e7\u00e3o e desesperado se tiver que decidir.<\/h4><h4>Aprender a ler textos deve ir al\u00e9m de ser meio de prover instru\u00e7\u00f5es para o \u00a0alfabetizado iletrado cumprir, mas, se bem feita, h\u00e1 de prestar a incutir, facilitar, lapidar, habituar, tonificar a faculdade natural humana de atitude de leitura\/intelig\u00eancia, tal que sirva para \u201cler textos e muito mais que eles\u201d.<\/h4><h4>A abordagem inteligente de um texto se d\u00e1 num fluxo sucessivo de perguntas e respostas formuladas pelo pr\u00f3prio leitor, tal que \u00e9 uma ATITUDE DE INICIATIVA DO LEITOR perante o livro, tais como, por exemplo:<\/h4><h4>1)\u00a0\u00a0\u00a0\u00a0\u00a0\u00a0Esse texto tem sentido?<\/h4><h4>2)\u00a0\u00a0\u00a0\u00a0\u00a0\u00a0Do que cuida esse texto?<\/h4><h4>3)\u00a0\u00a0\u00a0\u00a0\u00a0\u00a0O que exatamente o autor disse?<\/h4><h4>4)\u00a0\u00a0\u00a0\u00a0\u00a0\u00a0Quantos sentidos diferentes h\u00e1 no que o autor disse?<\/h4><h4>5)\u00a0\u00a0\u00a0\u00a0\u00a0\u00a0Qual sentido \u00e9 o mais fiel \u00e0 vontade efetiva do autor?<\/h4><h4>6)\u00a0\u00a0\u00a0\u00a0\u00a0\u00a0Como pessoas diferentes ou em contextos diferentes podem interpretar diferentemente esse texto?<\/h4><h4>7)\u00a0\u00a0\u00a0\u00a0\u00a0\u00a0Por que ele disse desse modo ou porque transmitiu essa informa\u00e7\u00e3o?<\/h4><h4>8)\u00a0\u00a0\u00a0\u00a0\u00a0\u00a0Por que ele organizou o texto dessa forma?<\/h4><h4>9)\u00a0\u00a0\u00a0\u00a0\u00a0\u00a0\u00c9 verdadeiro o que o autor diz?<\/h4><h4>10)\u00a0\u00a0\u00a0S\u00e3o verdadeiros os pressupostos de que o autor partiu?<\/h4><h4>11)\u00a0\u00a0\u00a0Esse texto altera algo nas minhas cren\u00e7as?<\/h4><h4>12)\u00a0\u00a0\u00a0O que eu vou levar desse texto adiante?<\/h4><h4>13)\u00a0\u00a0\u00a0O que eu preciso combinar desse texto com outros textos?<\/h4><h4>A abordagem ativa treinada sistematicamente sobre textos h\u00e1 de ser levada para a vida geral, caso em que a PESSOA SE FAZ MAIS INTELIGENTE.<\/h4><h4>S\u00f3 por essa abordagem ativa de perguntas e respostas, mesmo que no \u00e2mbito intraconsciente do leitor, \u00e9 que as etapas da leitura se realizam e, ent\u00e3o, a pessoa pode progredir.<\/h4><h4>S\u00e3o as etapas:<\/h4><h4>1) a simples percep\u00e7\u00e3o;<\/h4><h4>2) a recep\u00e7\u00e3o da literalidade (ou dos efeitos);<\/h4><h4>3) a interpreta\u00e7\u00e3o (a an\u00e1lise das causas e escolha do sentido adequado entre v\u00e1rios poss\u00edveis);<\/h4><h4>4) a reten\u00e7\u00e3o (o aprendizado propriamente dito, a assimila\u00e7\u00e3o da decis\u00e3o interpretativa tomada).<\/h4><h4>Os analfabetos funcionais nunca passam da 2\u00aa etapa da leitura e ainda assim as exercem de forma puramente passiva, como se percep\u00e7\u00e3o ou recep\u00e7\u00e3o fossem passividade!\u00a0 Por isso tudo \u00e9 que nunca progridem (aprendem) e s\u00f3 funcionam, girando igualzinho todo dia. A \u00fanica pergunta que o analfabeto funcional se faz \u00e9: \u201co que \u00e9 para eu fazer agora?\u201d.<\/h4><h4>O letrado pleno n\u00e3o s\u00f3 cumpre as 4 etapas, como ele as cumpre ativamente. Ele vai buscar a recep\u00e7\u00e3o de percep\u00e7\u00f5es, separa o sentido literal, analisa as possibilidades decis\u00f3rias de sentido e ESCOLHE uma e, ao cabo, assimila o conhecimento decorrente da sua elei\u00e7\u00e3o de sentido de leitura. A\u00ed, ele se TRANSFORMA enquanto ser e vai ler mais, mais e mais, que equivale a viver mais. Para que n\u00e3o reste d\u00favida: s\u00f3 se assimila o que se decidiu ser o sentido.<\/h4><h4>Leia livros de forma burra e carregar\u00e1s atitude burra em todas as dimens\u00f5es da vida. Leia livros de forma inteligente e carregar\u00e1s atitude inteligente em todas as dimens\u00f5es da vida. Somos o que DECIDIMOS ser e essa decis\u00e3o \u00e9 antecedida de in\u00fameras e pequenas DECIS\u00d5ES anteriores, que \u00e9 a de ler, no sentido pr\u00f3prio de \u201cdecidir o sentido\u201d de cada uma percep\u00e7\u00e3o nossa.<\/h4><h4>\u00c9 assim que \u00e9 e o analfabeto funcional, gostem ou n\u00e3o, \u00e9 aquele que s\u00f3 decidiu N\u00c3O SER A SI.<\/h4>\t\t\t\t\t\t\t\t<\/div>\n\t\t\t\t<\/div>\n\t\t\t\t\t<\/div>\n\t\t<\/div>\n\t\t\t\t\t<\/div>\n\t\t<\/section>\n\t\t\t\t<section class=\"elementor-section elementor-top-section elementor-element elementor-element-0fe62d9 elementor-section-boxed elementor-section-height-default elementor-section-height-default\" data-id=\"0fe62d9\" data-element_type=\"section\">\n\t\t\t\t\t\t<div class=\"elementor-container elementor-column-gap-default\">\n\t\t\t\t\t<div class=\"elementor-column elementor-col-100 elementor-top-column elementor-element elementor-element-09ead34\" data-id=\"09ead34\" data-element_type=\"column\">\n\t\t\t<div class=\"elementor-widget-wrap elementor-element-populated\">\n\t\t\t\t\t\t<div class=\"elementor-element elementor-element-1d965a3 elementor-widget elementor-widget-text-editor\" data-id=\"1d965a3\" data-element_type=\"widget\" data-widget_type=\"text-editor.default\">\n\t\t\t\t<div class=\"elementor-widget-container\">\n\t\t\t\t\t\t\t\t\t<p style=\"text-align: center;\"><strong><span style=\"color: #000000;\">A reprodu\u00e7\u00e3o do texto \u00e9 livre, devendo ser citada a fonte e preservada a unidade do pensamento.<\/span><\/strong><\/p>\t\t\t\t\t\t\t\t<\/div>\n\t\t\t\t<\/div>\n\t\t\t\t\t<\/div>\n\t\t<\/div>\n\t\t\t\t\t<\/div>\n\t\t<\/section>\n\t\t\t\t<section class=\"elementor-section elementor-top-section elementor-element elementor-element-2a24acf elementor-section-boxed elementor-section-height-default elementor-section-height-default\" data-id=\"2a24acf\" data-element_type=\"section\">\n\t\t\t\t\t\t<div class=\"elementor-container elementor-column-gap-default\">\n\t\t\t\t\t<div class=\"elementor-column elementor-col-50 elementor-top-column elementor-element elementor-element-cd5d84e\" data-id=\"cd5d84e\" data-element_type=\"column\">\n\t\t\t<div class=\"elementor-widget-wrap elementor-element-populated\">\n\t\t\t\t\t\t<div class=\"elementor-element elementor-element-9ba4128 elementor-widget elementor-widget-text-editor\" data-id=\"9ba4128\" data-element_type=\"widget\" data-widget_type=\"text-editor.default\">\n\t\t\t\t<div class=\"elementor-widget-container\">\n\t\t\t\t\t\t\t\t\t<p><img fetchpriority=\"high\" decoding=\"async\" class=\"alignnone wp-image-8934 size-medium\" src=\"https:\/\/casadacritica.com.br\/site\/wp-content\/uploads\/2020\/02\/Design-sem-nome-3-300x300.png\" alt=\"\" width=\"300\" height=\"300\" srcset=\"https:\/\/casadacritica.com.br\/site\/wp-content\/uploads\/2020\/02\/Design-sem-nome-3-300x300.png 300w, https:\/\/casadacritica.com.br\/site\/wp-content\/uploads\/2020\/02\/Design-sem-nome-3-1024x1024.png 1024w, https:\/\/casadacritica.com.br\/site\/wp-content\/uploads\/2020\/02\/Design-sem-nome-3-150x150.png 150w, https:\/\/casadacritica.com.br\/site\/wp-content\/uploads\/2020\/02\/Design-sem-nome-3-768x768.png 768w, https:\/\/casadacritica.com.br\/site\/wp-content\/uploads\/2020\/02\/Design-sem-nome-3.png 1080w\" sizes=\"(max-width: 300px) 100vw, 300px\" \/><\/p>\t\t\t\t\t\t\t\t<\/div>\n\t\t\t\t<\/div>\n\t\t\t\t\t<\/div>\n\t\t<\/div>\n\t\t\t\t<div class=\"elementor-column elementor-col-50 elementor-top-column elementor-element elementor-element-162d43e\" data-id=\"162d43e\" data-element_type=\"column\">\n\t\t\t<div class=\"elementor-widget-wrap elementor-element-populated\">\n\t\t\t\t\t\t<div class=\"elementor-element elementor-element-ef0d6db elementor-widget elementor-widget-text-editor\" data-id=\"ef0d6db\" data-element_type=\"widget\" data-widget_type=\"text-editor.default\">\n\t\t\t\t<div class=\"elementor-widget-container\">\n\t\t\t\t\t\t\t\t\t<p><span style=\"color: rgb(0, 0, 0);\">Vicente do Prado Tolezano \u00e9 graduado em direito pe\u00e7a PUC\/SP e Mestre em Filosofia pela Faculdade do Mosteiro de S\u00e3o Bento de S\u00e3o Paulo, com investiga\u00e7\u00e3o sobre a Metaf\u00edsica de Arist\u00f3teles. \u00c9 diretor da Casa da Cr\u00edtica e da Tolezano Advogados.<\/span><br><\/p>\n<p><span style=\"color: #000000;\">Tem forma\u00e7\u00f5es complementares diversas na \u00e1rea da Gest\u00e3o, Psican\u00e1lise, Media\u00e7\u00e3o, Filosofia Clinica, L\u00f3gica e Argumenta\u00e7\u00e3o e outras sobre a Alma Humana.<\/span><\/p>\t\t\t\t\t\t\t\t<\/div>\n\t\t\t\t<\/div>\n\t\t\t\t\t<\/div>\n\t\t<\/div>\n\t\t\t\t\t<\/div>\n\t\t<\/section>\n\t\t\t\t<section class=\"elementor-section elementor-top-section elementor-element elementor-element-6f47b3e elementor-section-boxed elementor-section-height-default elementor-section-height-default\" data-id=\"6f47b3e\" data-element_type=\"section\">\n\t\t\t\t\t\t<div class=\"elementor-container elementor-column-gap-default\">\n\t\t\t\t\t<div class=\"elementor-column elementor-col-33 elementor-top-column elementor-element elementor-element-4f8963a\" data-id=\"4f8963a\" data-element_type=\"column\">\n\t\t\t<div class=\"elementor-widget-wrap\">\n\t\t\t\t\t\t\t<\/div>\n\t\t<\/div>\n\t\t\t\t<div class=\"elementor-column elementor-col-33 elementor-top-column elementor-element elementor-element-6809389\" data-id=\"6809389\" data-element_type=\"column\">\n\t\t\t<div class=\"elementor-widget-wrap elementor-element-populated\">\n\t\t\t\t\t\t<div class=\"elementor-element elementor-element-d6f396e elementor-widget elementor-widget-text-editor\" data-id=\"d6f396e\" data-element_type=\"widget\" data-widget_type=\"text-editor.default\">\n\t\t\t\t<div class=\"elementor-widget-container\">\n\t\t\t\t\t\t\t\t\t<h4 style=\"text-align: center;\"><span style=\"color: #ffffff;\"><a style=\"color: #ffffff;\" href=\"http:\/\/casadacritica.com.br\/site\/cadastre-se-para-receber-newsletter\/\" target=\"_blank\" rel=\"noopener\"><strong>CADASTRE-SE AQUI PARA RECEBER NOSSA NEWSLETTER<\/strong><\/a><\/span><\/h4>\t\t\t\t\t\t\t\t<\/div>\n\t\t\t\t<\/div>\n\t\t\t\t\t<\/div>\n\t\t<\/div>\n\t\t\t\t<div class=\"elementor-column elementor-col-33 elementor-top-column elementor-element elementor-element-cd8b09d\" data-id=\"cd8b09d\" data-element_type=\"column\">\n\t\t\t<div class=\"elementor-widget-wrap\">\n\t\t\t\t\t\t\t<\/div>\n\t\t<\/div>\n\t\t\t\t\t<\/div>\n\t\t<\/section>\n\t\t\t\t<\/div>\n\t\t","protected":false},"excerpt":{"rendered":"<p>056 &#8211; Analfabetismo Funcional \u00e9 Falta de Atitude (e nada mais) Autor: Vicente do Prado Tolezano 11\/10\/2019 Comecemos por exemplos de como funciona um chapeiro que seja analfabeto funcional e num contexto que sequer h\u00e1 \u201cleitura de texto\u201d. Todo os dias, um chapeiro faz XBURGERs e corretamente. A cada \u201cXBURGUER\u201d que um fregu\u00eas diz, ele [&hellip;]<\/p>\n","protected":false},"author":4,"featured_media":10399,"comment_status":"open","ping_status":"open","sticky":false,"template":"","format":"standard","meta":{"footnotes":""},"categories":[85,49],"tags":[158,412,410,299],"class_list":["post-10392","post","type-post","status-publish","format-standard","has-post-thumbnail","hentry","category-artigos","category-artigos-educacao","tag-iniciativa","tag-interpretacao","tag-leitura","tag-liberdade"],"_links":{"self":[{"href":"https:\/\/casadacritica.com.br\/site\/wp-json\/wp\/v2\/posts\/10392","targetHints":{"allow":["GET"]}}],"collection":[{"href":"https:\/\/casadacritica.com.br\/site\/wp-json\/wp\/v2\/posts"}],"about":[{"href":"https:\/\/casadacritica.com.br\/site\/wp-json\/wp\/v2\/types\/post"}],"author":[{"embeddable":true,"href":"https:\/\/casadacritica.com.br\/site\/wp-json\/wp\/v2\/users\/4"}],"replies":[{"embeddable":true,"href":"https:\/\/casadacritica.com.br\/site\/wp-json\/wp\/v2\/comments?post=10392"}],"version-history":[{"count":6,"href":"https:\/\/casadacritica.com.br\/site\/wp-json\/wp\/v2\/posts\/10392\/revisions"}],"predecessor-version":[{"id":10400,"href":"https:\/\/casadacritica.com.br\/site\/wp-json\/wp\/v2\/posts\/10392\/revisions\/10400"}],"wp:featuredmedia":[{"embeddable":true,"href":"https:\/\/casadacritica.com.br\/site\/wp-json\/wp\/v2\/media\/10399"}],"wp:attachment":[{"href":"https:\/\/casadacritica.com.br\/site\/wp-json\/wp\/v2\/media?parent=10392"}],"wp:term":[{"taxonomy":"category","embeddable":true,"href":"https:\/\/casadacritica.com.br\/site\/wp-json\/wp\/v2\/categories?post=10392"},{"taxonomy":"post_tag","embeddable":true,"href":"https:\/\/casadacritica.com.br\/site\/wp-json\/wp\/v2\/tags?post=10392"}],"curies":[{"name":"wp","href":"https:\/\/api.w.org\/{rel}","templated":true}]}}