{"id":10368,"date":"2019-08-13T13:35:00","date_gmt":"2019-08-13T16:35:00","guid":{"rendered":"https:\/\/casadacritica.com.br\/site\/?p=10368"},"modified":"2020-03-22T13:44:23","modified_gmt":"2020-03-22T16:44:23","slug":"053-ilusoes-progressista-e-reacionaria-luz-pelo-helicoide-2","status":"publish","type":"post","link":"https:\/\/casadacritica.com.br\/site\/053-ilusoes-progressista-e-reacionaria-luz-pelo-helicoide-2\/","title":{"rendered":"054 &#8211; Linguajar infanto-miser\u00e1vel e linguajar de adulto-rico"},"content":{"rendered":"\t\t<div data-elementor-type=\"wp-post\" data-elementor-id=\"10368\" class=\"elementor elementor-10368\" data-elementor-post-type=\"post\">\n\t\t\t\t\t\t<section class=\"elementor-section elementor-top-section elementor-element elementor-element-41b176b elementor-section-boxed elementor-section-height-default elementor-section-height-default\" data-id=\"41b176b\" data-element_type=\"section\">\n\t\t\t\t\t\t<div class=\"elementor-container elementor-column-gap-default\">\n\t\t\t\t\t<div class=\"elementor-column elementor-col-100 elementor-top-column elementor-element elementor-element-1315b4b\" data-id=\"1315b4b\" data-element_type=\"column\">\n\t\t\t<div class=\"elementor-widget-wrap elementor-element-populated\">\n\t\t\t\t\t\t<div class=\"elementor-element elementor-element-7136ec6 elementor-widget elementor-widget-text-editor\" data-id=\"7136ec6\" data-element_type=\"widget\" data-widget_type=\"text-editor.default\">\n\t\t\t\t<div class=\"elementor-widget-container\">\n\t\t\t\t\t\t\t\t\t<h3 style=\"text-align: center;\"><strong><span style=\"color: #ff0000;\">054 &#8211; Linguajar infanto-miser\u00e1vel e linguajar de adulto-rico<\/span><\/strong><\/h3>\t\t\t\t\t\t\t\t<\/div>\n\t\t\t\t<\/div>\n\t\t\t\t\t<\/div>\n\t\t<\/div>\n\t\t\t\t\t<\/div>\n\t\t<\/section>\n\t\t\t\t<section class=\"elementor-section elementor-top-section elementor-element elementor-element-ed8d5b7 elementor-section-boxed elementor-section-height-default elementor-section-height-default\" data-id=\"ed8d5b7\" data-element_type=\"section\">\n\t\t\t\t\t\t<div class=\"elementor-container elementor-column-gap-default\">\n\t\t\t\t\t<div class=\"elementor-column elementor-col-100 elementor-top-column elementor-element elementor-element-3bca0f8\" data-id=\"3bca0f8\" data-element_type=\"column\">\n\t\t\t<div class=\"elementor-widget-wrap elementor-element-populated\">\n\t\t\t\t\t\t<div class=\"elementor-element elementor-element-7d28675 elementor-widget elementor-widget-text-editor\" data-id=\"7d28675\" data-element_type=\"widget\" data-widget_type=\"text-editor.default\">\n\t\t\t\t<div class=\"elementor-widget-container\">\n\t\t\t\t\t\t\t\t\t<h4>Autor: Vicente do Prado Tolezano 13\/08\/2019<\/h4><h4>Em n\u00e3o distante outrora, se ouvia, em tom cort\u00eas e s\u00f3brio, ao entrar um avi\u00e3o: \u201cSenhores passageiros, boa tarde. O comandante Tal e sua tripula\u00e7\u00e3o d\u00e3o-lhes boas-vindas a este v\u00f4o com destino \u00e0 cidade Tal. Prestem aten\u00e7\u00e3o nas regras de seguran\u00e7a. Agradecemos a prefer\u00eancia e boa viagem\u201d.<\/h4><h4>Atualmente, ouvem-se dic\u00e7\u00f5es assim \u201cOooooi. \u00c9 muito gostoso para n\u00f3s que voc\u00ea vai voar com a gente. Se liga a\u00ed nas instru\u00e7\u00f5es de seguran\u00e7a. N\u00e3o deixa de nos contar qualquer d\u00favida. Queremos que logo logo voc\u00ea chegue no seu destino. Queremos tamb\u00e9m que voc\u00ea aproveite esta experi\u00eancia de voar com a gente\u201d. A dic\u00e7\u00e3o estar\u00e1 cheia de \u00eanfases t\u00f4nicas e at\u00e9 jingles.<\/h4><h4>Variem-se as circunst\u00e2ncias intersociais (operadoras de telefone, atendimentos em departamentos, bancos, Igrejas, etc \u2026) omodus loquendi cort\u00eas s\u00f3brio de outrora estar\u00e1 \u201catualizado para a vers\u00e3o infantilizada\u201d, digamos dessa forma.<\/h4><h4>Recentemente, este articulista foi a um retiro espiritual. Na abertura, a religiosa bradou ao audit\u00f3rio BOOOOOOM DIAAAAAAAA!!!!!!!, invocando a resposta do mesmo audit\u00f3rio, que deveria ficar de p\u00e9, a outro brado de igual \u00eanfase, o qual seguir-se-ia de interjei\u00e7\u00f5es coletivas do tipo ehhh, viva, he he he e etc\u2026<\/h4><h4>No dom\u00ednio jur\u00eddico, tradicionalmente se cultivava o vern\u00e1culo fino. Correntemente, s\u00e3o poucos os operadores do direito n\u00e3o s\u00f3 que n\u00e3o violem grosseiramente regras gramaticais, mas tamb\u00e9m que n\u00e3o incorram no linguajar meramente apelativo-conotativo-sentimentalista. Os terminativos caridosinhos, lotados de ternurinha \u201cinho\u201d, \u201czinha\u201d e outra j\u00e1 s\u00e3o habitu\u00e9s no l\u00e9xico forense.<\/h4><h4>Linguagem sempre serve, primariamente, para express\u00e3o de afetos e secundariamente para express\u00e3o de conceitos. Perspectivas \u201cprim\u00e1ria e secund\u00e1ria\u201d aqui empregadas referem-se \u00e0 ordem nas etapas de desenvolvimento\/progress\u00e3o pessoal do falante.<\/h4><h4>Afetos s\u00e3o pr\u00f3prios a todos os animais, a n\u00f3s inclusive. A conceitua\u00e7\u00e3o, por sua vez, \u00e9 exclusividade do sapiens e, rigorosamente, \u00e9 meio sine qua non da ordena\u00e7\u00e3o-elabora\u00e7\u00e3o afetiva, num fluxo de \u201cconstitui\u00e7\u00e3o do pr\u00f3prio indiv\u00edduo ou personalidade\u201d.<\/h4><h4>Afeto \u00e9 mat\u00e9ria e mat\u00e9ria \u00e9 princ\u00edpio de homogeneiza\u00e7\u00e3o. Por isso, tratamos animais como iguais entre si no dom\u00ednio de uma dada ra\u00e7a. Afinal, todos \u201creagem\u201d igualmente aos est\u00edmulos. Afetos s\u00e3o, em princ\u00edpio bruto, \u201cpadr\u00f5es reativos\u201d.<\/h4><h4>Obviamente e porque s\u00e3o mais materiais, crian\u00e7as s\u00e3o mais semelhantes reativamente entre si que adultos. N\u00e3o esquecer, contudo, que adultos infantilizados s\u00e3o crian\u00e7as tamb\u00e9m.<\/h4><h4>Ordenar ou elaborar a pr\u00f3pria materialidade tem tamb\u00e9m o nome de matura\u00e7\u00e3o, quer dizer \u201cvirar adulto\u201d, o que se faz com expans\u00e3o do esp\u00edrito com detrimento da mat\u00e9ria.<\/h4><h4>As experi\u00eancias materiais s\u00e3o o m\u00e1ximo de subjetividade poss\u00edvel e por isso \u00e9 pr\u00f3prio do infantil mal discernir seus sentimentos, sonhos, proje\u00e7\u00f5es, cogita\u00e7\u00f5es, etc \u2026 da objetividade exterior. Instiga um sentimento \u00e0 crian\u00e7a e ela tem que o \u201cmundo inteiro \u00e9 aquele sentimento de que est\u00e1 a padecer\u201d. Ver\u00e1s quase sempre um \u201crisinho\u201d de quase transe que acompanha a intensidade passional.<\/h4><h4>Por sua vez, ao adulto \u00e9 pr\u00f3pria a objetiviza\u00e7\u00e3o, ou seja gozar da condi\u00e7\u00e3o \u201cmeta-subjetiva\u201d. Obviamente, virar adulto \u00e9 traumatizante, pois ter\u00e1 que \u201cagir\u201d (n\u00e3o reagir) para dar cabo do subjectus no mundo, j\u00e1 que o mundo \u00e9 \u201cbem maior que o sujeito\u201d.<\/h4><h4>N\u00e3o se exorta aqui qualquer supress\u00e3o ou aboli\u00e7\u00e3o dos afetos, mas a sua boa s\u00edntese, tal como j\u00e1 exortado pelo poeta Donne: \u201cque nossos afetos n\u00e3o nos matem nem morram\u201d.<\/h4><h4>Na escada lisa da matura\u00e7\u00e3o, a linguagem propriamente linguagem-articulada (n\u00e3o reativa), fundada em conceitos decorrentes de pretens\u00f5es de objetividade, servir\u00e1 de corrim\u00e3o e tal que sem ele o tombo \u00e9 muito prov\u00e1vel.<\/h4><h4>Mais que bobagens, s\u00e3o mesmo perversas, as exorta\u00e7\u00f5es da linguagem como meio de comunica\u00e7\u00e3o, ainda que, claro, seja isso, mas, tal, inobstante a import\u00e2ncia, \u00e9 apenas seu subproduto.<\/h4><h4>Acima de tudo, tornamos a repetir, a linguagem \u00e9 meio (mais precisamente \u201cprocesso\u201d) de constitui\u00e7\u00e3o do ser. \u00c9 evidente que um ser subconstitu\u00eddo (com parca elabora\u00e7\u00e3o afetiva e conceitual) comunica, mas comunica pobreza, pois vive como pobre e \u201cpobre nunca entende n\u00e3o s\u00f3 o rico, mas nem a riqueza\u201d.<\/h4><h4>O processo de enriquecimento n\u00e3o s\u00f3 \u201cda\u201d linguagem mas \u201cpela\u201d linguagem n\u00e3o passa necessariamente por busca de \u201cerudi\u00e7\u00e3o\u201d, mas de \u201catitude de matura\u00e7\u00e3o\u201d ou sobriedade.<\/h4><h4>Comunicar-se infantilmente \u00e9 entregar o cart\u00e3o de visitas de uma alma infantilizada e convidar os demais a esse rebaixamento existencial. N\u00e3o subestime o poder t\u00f3xico da \u201cinfantiliza\u00e7\u00e3o\u201d, pois \u00e9 muito efetivo sim.<\/h4><h4>Se tiver j\u00e1 o leitor ultrapassado em anos cronol\u00f3gicos a adolesc\u00eancia e n\u00e3o se \u201cirritar\u201d, \u201cincomodar\u201d ou mesmo \u201cojerizar-se\u201d com linguajar infantil em assuntos minimamente s\u00f3brios, tal ser\u00e1 ind\u00edcio forte de que j\u00e1 est\u00e1 intoxicado a um ponto de dessensibiliza\u00e7\u00e3o.<\/h4><h4>As \u201cigualdades\u201d mais poss\u00edveis entre as pessoas s\u00e3o igualdades nos v\u00edcios\/fraquezas, n\u00e3o nas virtudes, pr\u00f3prias de personalidades constitu\u00eddas, ou seja, de \u201cseres por si\u201d (com menor materialidade) e, logo, as maiores heterogeneidades poss\u00edveis.<\/h4><h4>N\u00e3o sem motivo, os argumentos do linguajar infantilizado s\u00e3o justamente \u201cdo coletivo-coletivizante-para-todo-mundo\u201d (meras fal\u00e1cias ad populum).<\/h4><h4>Ainda que sutilmente (e at\u00e9 inconsciente nalgum grau), linguajar infantilizado \u00e9 tentativa de semeadura de pobreza ou vangl\u00f3ria. Afinal, via de regra, o pobre n\u00e3o quer enriquecer, mas sim ser confirmado nas suas mis\u00e9rias, e amar\u00e1 mais ainda, se o rico a elas aderir!<\/h4><h4>Tem d\u00favidas? Comunique-se, ent\u00e3o, com a generalidade das pessoas, mantido o tom cort\u00eas, com linguajar adulto\/s\u00f3brio\/objetivo e veja que n\u00e3o ser\u00e1 apenas o caso de n\u00e3o te entenderem, mas tamb\u00e9m o caso de que sua cole\u00e7\u00e3o de hostilidades recebidas (expl\u00edcitas ou sutis) vai engordar. Iguais efeitos vir\u00e3o \u00e0 tona se o leitor rejeitar que se lhe falem como se fosse criancinha deixando-lhes claro o motivo.<\/h4><h4>Repetimos: linguagem articulada e s\u00f3bria \u00e9 \u201cescada para enriquecer e maturar\u201d e \u00e9 montada num corredor \u201cestreito\u201d. Fora da\u00ed, existe muito \u201cbilu, biluzinho\u201d.<\/h4>\t\t\t\t\t\t\t\t<\/div>\n\t\t\t\t<\/div>\n\t\t\t\t\t<\/div>\n\t\t<\/div>\n\t\t\t\t\t<\/div>\n\t\t<\/section>\n\t\t\t\t<section class=\"elementor-section elementor-top-section elementor-element elementor-element-0fe62d9 elementor-section-boxed elementor-section-height-default elementor-section-height-default\" data-id=\"0fe62d9\" data-element_type=\"section\">\n\t\t\t\t\t\t<div class=\"elementor-container elementor-column-gap-default\">\n\t\t\t\t\t<div class=\"elementor-column elementor-col-100 elementor-top-column elementor-element elementor-element-09ead34\" data-id=\"09ead34\" data-element_type=\"column\">\n\t\t\t<div class=\"elementor-widget-wrap elementor-element-populated\">\n\t\t\t\t\t\t<div class=\"elementor-element elementor-element-1d965a3 elementor-widget elementor-widget-text-editor\" data-id=\"1d965a3\" data-element_type=\"widget\" data-widget_type=\"text-editor.default\">\n\t\t\t\t<div class=\"elementor-widget-container\">\n\t\t\t\t\t\t\t\t\t<p style=\"text-align: center;\"><strong><span style=\"color: #000000;\">A reprodu\u00e7\u00e3o do texto \u00e9 livre, devendo ser citada a fonte e preservada a unidade do pensamento.<\/span><\/strong><\/p>\t\t\t\t\t\t\t\t<\/div>\n\t\t\t\t<\/div>\n\t\t\t\t\t<\/div>\n\t\t<\/div>\n\t\t\t\t\t<\/div>\n\t\t<\/section>\n\t\t\t\t<section class=\"elementor-section elementor-top-section elementor-element elementor-element-2a24acf elementor-section-boxed elementor-section-height-default elementor-section-height-default\" data-id=\"2a24acf\" data-element_type=\"section\">\n\t\t\t\t\t\t<div class=\"elementor-container elementor-column-gap-default\">\n\t\t\t\t\t<div class=\"elementor-column elementor-col-50 elementor-top-column elementor-element elementor-element-cd5d84e\" data-id=\"cd5d84e\" data-element_type=\"column\">\n\t\t\t<div class=\"elementor-widget-wrap elementor-element-populated\">\n\t\t\t\t\t\t<div class=\"elementor-element elementor-element-9ba4128 elementor-widget elementor-widget-text-editor\" data-id=\"9ba4128\" data-element_type=\"widget\" data-widget_type=\"text-editor.default\">\n\t\t\t\t<div class=\"elementor-widget-container\">\n\t\t\t\t\t\t\t\t\t<p><img fetchpriority=\"high\" decoding=\"async\" class=\"alignnone wp-image-8934 size-medium\" src=\"https:\/\/casadacritica.com.br\/site\/wp-content\/uploads\/2020\/02\/Design-sem-nome-3-300x300.png\" alt=\"\" width=\"300\" height=\"300\" srcset=\"https:\/\/casadacritica.com.br\/site\/wp-content\/uploads\/2020\/02\/Design-sem-nome-3-300x300.png 300w, https:\/\/casadacritica.com.br\/site\/wp-content\/uploads\/2020\/02\/Design-sem-nome-3-1024x1024.png 1024w, https:\/\/casadacritica.com.br\/site\/wp-content\/uploads\/2020\/02\/Design-sem-nome-3-150x150.png 150w, https:\/\/casadacritica.com.br\/site\/wp-content\/uploads\/2020\/02\/Design-sem-nome-3-768x768.png 768w, https:\/\/casadacritica.com.br\/site\/wp-content\/uploads\/2020\/02\/Design-sem-nome-3.png 1080w\" sizes=\"(max-width: 300px) 100vw, 300px\" \/><\/p>\t\t\t\t\t\t\t\t<\/div>\n\t\t\t\t<\/div>\n\t\t\t\t\t<\/div>\n\t\t<\/div>\n\t\t\t\t<div class=\"elementor-column elementor-col-50 elementor-top-column elementor-element elementor-element-162d43e\" data-id=\"162d43e\" data-element_type=\"column\">\n\t\t\t<div class=\"elementor-widget-wrap elementor-element-populated\">\n\t\t\t\t\t\t<div class=\"elementor-element elementor-element-ef0d6db elementor-widget elementor-widget-text-editor\" data-id=\"ef0d6db\" data-element_type=\"widget\" data-widget_type=\"text-editor.default\">\n\t\t\t\t<div class=\"elementor-widget-container\">\n\t\t\t\t\t\t\t\t\t<p><span style=\"color: rgb(0, 0, 0);\">Vicente do Prado Tolezano \u00e9 graduado em direito pe\u00e7a PUC\/SP e Mestre em Filosofia pela Faculdade do Mosteiro de S\u00e3o Bento de S\u00e3o Paulo, com investiga\u00e7\u00e3o sobre a Metaf\u00edsica de Arist\u00f3teles. \u00c9 diretor da Casa da Cr\u00edtica e da Tolezano Advogados.<\/span><br><\/p>\n<p><span style=\"color: #000000;\">Tem forma\u00e7\u00f5es complementares diversas na \u00e1rea da Gest\u00e3o, Psican\u00e1lise, Media\u00e7\u00e3o, Filosofia Clinica, L\u00f3gica e Argumenta\u00e7\u00e3o e outras sobre a Alma Humana.<\/span><\/p>\t\t\t\t\t\t\t\t<\/div>\n\t\t\t\t<\/div>\n\t\t\t\t\t<\/div>\n\t\t<\/div>\n\t\t\t\t\t<\/div>\n\t\t<\/section>\n\t\t\t\t<section class=\"elementor-section elementor-top-section elementor-element elementor-element-6f47b3e elementor-section-boxed elementor-section-height-default elementor-section-height-default\" data-id=\"6f47b3e\" data-element_type=\"section\">\n\t\t\t\t\t\t<div class=\"elementor-container elementor-column-gap-default\">\n\t\t\t\t\t<div class=\"elementor-column elementor-col-33 elementor-top-column elementor-element elementor-element-4f8963a\" data-id=\"4f8963a\" data-element_type=\"column\">\n\t\t\t<div class=\"elementor-widget-wrap\">\n\t\t\t\t\t\t\t<\/div>\n\t\t<\/div>\n\t\t\t\t<div class=\"elementor-column elementor-col-33 elementor-top-column elementor-element elementor-element-6809389\" data-id=\"6809389\" data-element_type=\"column\">\n\t\t\t<div class=\"elementor-widget-wrap elementor-element-populated\">\n\t\t\t\t\t\t<div class=\"elementor-element elementor-element-d6f396e elementor-widget elementor-widget-text-editor\" data-id=\"d6f396e\" data-element_type=\"widget\" data-widget_type=\"text-editor.default\">\n\t\t\t\t<div class=\"elementor-widget-container\">\n\t\t\t\t\t\t\t\t\t<h4 style=\"text-align: center;\"><span style=\"color: #ffffff;\"><a style=\"color: #ffffff;\" href=\"http:\/\/casadacritica.com.br\/site\/cadastre-se-para-receber-newsletter\/\" target=\"_blank\" rel=\"noopener\"><strong>CADASTRE-SE AQUI PARA RECEBER NOSSA NEWSLETTER<\/strong><\/a><\/span><\/h4>\t\t\t\t\t\t\t\t<\/div>\n\t\t\t\t<\/div>\n\t\t\t\t\t<\/div>\n\t\t<\/div>\n\t\t\t\t<div class=\"elementor-column elementor-col-33 elementor-top-column elementor-element elementor-element-cd8b09d\" data-id=\"cd8b09d\" data-element_type=\"column\">\n\t\t\t<div class=\"elementor-widget-wrap\">\n\t\t\t\t\t\t\t<\/div>\n\t\t<\/div>\n\t\t\t\t\t<\/div>\n\t\t<\/section>\n\t\t\t\t<\/div>\n\t\t","protected":false},"excerpt":{"rendered":"<p>054 &#8211; Linguajar infanto-miser\u00e1vel e linguajar de adulto-rico Autor: Vicente do Prado Tolezano 13\/08\/2019 Em n\u00e3o distante outrora, se ouvia, em tom cort\u00eas e s\u00f3brio, ao entrar um avi\u00e3o: \u201cSenhores passageiros, boa tarde. O comandante Tal e sua tripula\u00e7\u00e3o d\u00e3o-lhes boas-vindas a este v\u00f4o com destino \u00e0 cidade Tal. Prestem aten\u00e7\u00e3o nas regras de seguran\u00e7a. [&hellip;]<\/p>\n","protected":false},"author":4,"featured_media":6818,"comment_status":"open","ping_status":"open","sticky":false,"template":"","format":"standard","meta":{"footnotes":""},"categories":[85,49],"tags":[402,87,400,45,96],"class_list":["post-10368","post","type-post","status-publish","format-standard","has-post-thumbnail","hentry","category-artigos","category-artigos-educacao","tag-ad-populum","tag-gramatica","tag-infantilizacao","tag-linguagem","tag-objetividade"],"_links":{"self":[{"href":"https:\/\/casadacritica.com.br\/site\/wp-json\/wp\/v2\/posts\/10368","targetHints":{"allow":["GET"]}}],"collection":[{"href":"https:\/\/casadacritica.com.br\/site\/wp-json\/wp\/v2\/posts"}],"about":[{"href":"https:\/\/casadacritica.com.br\/site\/wp-json\/wp\/v2\/types\/post"}],"author":[{"embeddable":true,"href":"https:\/\/casadacritica.com.br\/site\/wp-json\/wp\/v2\/users\/4"}],"replies":[{"embeddable":true,"href":"https:\/\/casadacritica.com.br\/site\/wp-json\/wp\/v2\/comments?post=10368"}],"version-history":[{"count":4,"href":"https:\/\/casadacritica.com.br\/site\/wp-json\/wp\/v2\/posts\/10368\/revisions"}],"predecessor-version":[{"id":10372,"href":"https:\/\/casadacritica.com.br\/site\/wp-json\/wp\/v2\/posts\/10368\/revisions\/10372"}],"wp:featuredmedia":[{"embeddable":true,"href":"https:\/\/casadacritica.com.br\/site\/wp-json\/wp\/v2\/media\/6818"}],"wp:attachment":[{"href":"https:\/\/casadacritica.com.br\/site\/wp-json\/wp\/v2\/media?parent=10368"}],"wp:term":[{"taxonomy":"category","embeddable":true,"href":"https:\/\/casadacritica.com.br\/site\/wp-json\/wp\/v2\/categories?post=10368"},{"taxonomy":"post_tag","embeddable":true,"href":"https:\/\/casadacritica.com.br\/site\/wp-json\/wp\/v2\/tags?post=10368"}],"curies":[{"name":"wp","href":"https:\/\/api.w.org\/{rel}","templated":true}]}}